{"id":1186,"date":"2024-09-18T01:46:55","date_gmt":"2024-09-17T23:46:55","guid":{"rendered":"https:\/\/www.seguros-empresas.es\/blog\/?p=1186"},"modified":"2024-09-18T01:46:55","modified_gmt":"2024-09-17T23:46:55","slug":"amazon-teletrabajo","status":"publish","type":"post","link":"https:\/\/www.seguros-empresas.es\/blog\/amazon-teletrabajo\/09\/2024\/","title":{"rendered":"Amazon dice adi\u00f3s al teletrabajo y establece horario de 5 d\u00edas de oficina"},"content":{"rendered":"<p><span style=\"font-weight: 400;\">Amazon ha decidido revocar su decisi\u00f3n de permitir la modalidad de teletrabajo que dur\u00f3 varios meses. Ahora los trabajadores deber\u00e1n volver a una rutina de<\/span><b> cinco d\u00edas de trabajo en horario de oficina.<\/b><\/p>\n<p><span style=\"font-weight: 400;\">Pese a que los <\/span><b>efectos de la pandemia por Covid 19 <\/b><span style=\"font-weight: 400;\">impuls\u00f3 el teletrabajo en peque\u00f1as y grandes empresas, Amazon hab\u00eda decidido permanecer con esta modalidad. La compa\u00f1\u00eda incluso se refiri\u00f3 de forma positiva a este estilo de trabajo h\u00edbrido.<\/span><\/p>\n<p><span style=\"font-weight: 400;\">Sin embargo, el director ejecutivo de Amazon, <\/span><b>Andy Jassy<\/b><span style=\"font-weight: 400;\">, tom\u00f3 la decisi\u00f3n de reanudar la modalidad de trabajo desde las distintas sucursales de la empresa. Tambi\u00e9n se confirm\u00f3 que esta opci\u00f3n tendr\u00e1 validez desde enero del 2025.<\/span><\/p>\n<table>\n<tbody>\n<tr>\n<td><b>Post en tendencia: <\/b><a title=\"trabajar en Europa en verano\" href=\"https:\/\/www.seguros-empresas.es\/blog\/trabajar-en-europa-en-verano\/07\/2024\/\" target=\"_blank\" rel=\"noopener\"><b>5 Mejores pa\u00edses para trabajar en Europa en verano 2024<\/b><\/a><\/td>\n<\/tr>\n<\/tbody>\n<\/table>\n<h2><\/h2>\n<div id=\"ez-toc-container\" class=\"ez-toc-v2_0_82_2 counter-hierarchy ez-toc-counter ez-toc-grey ez-toc-container-direction\">\n<div class=\"ez-toc-title-container\">\n<p class=\"ez-toc-title\" style=\"cursor:inherit\">Table of Contents<\/p>\n<span class=\"ez-toc-title-toggle\"><a href=\"#\" class=\"ez-toc-pull-right ez-toc-btn ez-toc-btn-xs ez-toc-btn-default ez-toc-toggle\" aria-label=\"Alternar tabla de contenidos\"><span class=\"ez-toc-js-icon-con\"><span class=\"\"><span class=\"eztoc-hide\" style=\"display:none;\">Toggle<\/span><span class=\"ez-toc-icon-toggle-span\"><svg style=\"fill: #999;color:#999\" xmlns=\"http:\/\/www.w3.org\/2000\/svg\" class=\"list-377408\" width=\"20px\" height=\"20px\" viewBox=\"0 0 24 24\" fill=\"none\"><path d=\"M6 6H4v2h2V6zm14 0H8v2h12V6zM4 11h2v2H4v-2zm16 0H8v2h12v-2zM4 16h2v2H4v-2zm16 0H8v2h12v-2z\" fill=\"currentColor\"><\/path><\/svg><svg style=\"fill: #999;color:#999\" class=\"arrow-unsorted-368013\" xmlns=\"http:\/\/www.w3.org\/2000\/svg\" width=\"10px\" height=\"10px\" viewBox=\"0 0 24 24\" version=\"1.2\" baseProfile=\"tiny\"><path d=\"M18.2 9.3l-6.2-6.3-6.2 6.3c-.2.2-.3.4-.3.7s.1.5.3.7c.2.2.4.3.7.3h11c.3 0 .5-.1.7-.3.2-.2.3-.5.3-.7s-.1-.5-.3-.7zM5.8 14.7l6.2 6.3 6.2-6.3c.2-.2.3-.5.3-.7s-.1-.5-.3-.7c-.2-.2-.4-.3-.7-.3h-11c-.3 0-.5.1-.7.3-.2.2-.3.5-.3.7s.1.5.3.7z\"\/><\/svg><\/span><\/span><\/span><\/a><\/span><\/div>\n<nav><ul class='ez-toc-list ez-toc-list-level-1 ' ><li class='ez-toc-page-1 ez-toc-heading-level-2'><a class=\"ez-toc-link ez-toc-heading-1\" href=\"https:\/\/www.seguros-empresas.es\/blog\/amazon-teletrabajo\/09\/2024\/#Las_razones_detras_del_fin_del_teletrabajo_en_Amazon\" >Las razones detr\u00e1s del fin del teletrabajo en Amazon<\/a><\/li><li class='ez-toc-page-1 ez-toc-heading-level-2'><a class=\"ez-toc-link ez-toc-heading-2\" href=\"https:\/\/www.seguros-empresas.es\/blog\/amazon-teletrabajo\/09\/2024\/#El_teletrabajo_permanecera_por_el_resto_del_2024_en_Amazon\" >El teletrabajo permanecer\u00e1 por el resto del 2024 en Amazon<\/a><\/li><li class='ez-toc-page-1 ez-toc-heading-level-2'><a class=\"ez-toc-link ez-toc-heading-3\" href=\"https:\/\/www.seguros-empresas.es\/blog\/amazon-teletrabajo\/09\/2024\/#Amazon_discutio_esta_decision_por_varios_meses\" >Amazon discuti\u00f3 esta decisi\u00f3n por varios meses<\/a><\/li><\/ul><\/nav><\/div>\n<h2><span class=\"ez-toc-section\" id=\"Las_razones_detras_del_fin_del_teletrabajo_en_Amazon\"><\/span><span style=\"color: #ff6600;\"><b>Las razones detr\u00e1s del fin del teletrabajo en Amazon<\/b><\/span><span class=\"ez-toc-section-end\"><\/span><\/h2>\n<p><b>La modalidad de teletrabajo fue obligatoria <\/b><span style=\"font-weight: 400;\">durante varios meses durante la pandemia, ya que permitir\u00eda cumplir con las exigencias del aislamiento social con m\u00e1s facilidad. Sin embargo, no estuvo exenta de todo tipo de comentarios.<\/span><\/p>\n<p><span style=\"font-weight: 400;\">Mientras algunas empresas tomaron algunas medidas de \u201cvigilancia\u201d para adaptarse a esta nueva realidad sin descuidar la productividad, otros decidieron <\/span><b>adoptar esta medida de forma m\u00e1s flexible.<\/b><\/p>\n<p><a href=\"https:\/\/www.seguros-generales.es\/seguros-pyme.html\" target=\"_blank\" rel=\"noopener\"><img loading=\"lazy\" decoding=\"async\" class=\"aligncenter wp-image-1175 size-full\" title=\"comparador de seguros de empresas\" src=\"https:\/\/www.seguros-empresas.es\/blog\/wp-content\/uploads\/2024\/08\/EMPRESA.png\" alt=\"Comparador de seguros de PYME\" width=\"600\" height=\"200\" srcset=\"https:\/\/www.seguros-empresas.es\/blog\/wp-content\/uploads\/2024\/08\/EMPRESA.png 600w, https:\/\/www.seguros-empresas.es\/blog\/wp-content\/uploads\/2024\/08\/EMPRESA-480x160.png 480w\" sizes=\"(min-width: 0px) and (max-width: 480px) 480px, (min-width: 481px) 600px, 100vw\" \/><\/a><\/p>\n<p><span style=\"font-weight: 400;\">Incluso Amazon fue una de las compa\u00f1\u00edas que inicialmente se mostr\u00f3 m\u00e1s a favor del teletrabajo. Varias investigaciones buscaron demostrar una relaci\u00f3n positiva entre esta modalidad y el aumento de la productividad.\u00a0<\/span><\/p>\n<p><span style=\"font-weight: 400;\">El CEO de Amazon ha indicado que una de las razones detr\u00e1s de la decisi\u00f3n de eliminar el teletrabajo tiene que ver con <\/span><b>mejorar el clima organizacional.<\/b><span style=\"font-weight: 400;\"> Confirm\u00f3 que esto permitir\u00e1 que los equipos de trabajo se sientan m\u00e1s conectados entre s\u00ed.\u00a0<\/span><\/p>\n<p><span style=\"font-weight: 400;\">Asimismo, esta alternativa tambi\u00e9n <\/span><b>buscar\u00e1 mejorar la productividad <\/b><span style=\"font-weight: 400;\">y fomentar la creatividad sobre todo para dar con propuestas ingeniosas que permitan a Amazon cumplir con su calendario de objetivos.\u00a0<\/span><\/p>\n<table>\n<tbody>\n<tr>\n<td>\n<p style=\"text-align: center;\"><b>\u00a1Tu p\u00f3liza ideal a precios competitivos! Usa el <\/b><a title=\"comparador de seguros de empresas\" href=\"https:\/\/www.seguros-generales.es\/seguros-pyme.html\" target=\"_blank\" rel=\"noopener\"><b>comparador de seguros de empresas<\/b><\/a><b> y descubre excelentes opciones.\u00a0<\/b><\/p>\n<\/td>\n<\/tr>\n<\/tbody>\n<\/table>\n<p>&nbsp;<\/p>\n<h2><span class=\"ez-toc-section\" id=\"El_teletrabajo_permanecera_por_el_resto_del_2024_en_Amazon\"><\/span><span style=\"color: #ff6600;\"><b>El teletrabajo permanecer\u00e1 por el resto del 2024 en Amazon<\/b><\/span><span class=\"ez-toc-section-end\"><\/span><\/h2>\n<p><span style=\"font-weight: 400;\">El comunicado indic\u00f3 que la medida de revertir la modalidad del teletrabajo estar\u00e1 funcionando en enero, <\/span><b>posterior al breve receso por la navidad y el fin de a\u00f1o. <\/b><span style=\"font-weight: 400;\">Asimismo, Andy Jassy el CEO de Amazon es de los primeros interesados en llevar a cabo este cambio.<\/span><\/p>\n<p><span style=\"font-weight: 400;\">Jassy siempre ha compartido su postura de ser esc\u00e9ptico sobre el trabajo remoto y ha indicado lo siguiente: <\/span><b><i>\u00abHemos decidido que volveremos a estar en la oficina como lo hac\u00edamos antes de la aparici\u00f3n de Covid\u00bb.<\/i><\/b><\/p>\n<p><span style=\"font-weight: 400;\">Por otro lado, los trabajadores de Amazon no contaban con la modalidad del teletrabajo durante toda la jornada laboral. En cambio, los profesionales ten\u00edan permitido trabajar desde casa dos d\u00edas a la semana, y ahora no tendr\u00e1n esa posibilidad.<\/span><\/p>\n<table>\n<tbody>\n<tr>\n<td><b>Descubre: <\/b><a title=\"Ca\u00edda de Microsoft\" href=\"https:\/\/www.seguros-empresas.es\/blog\/caida-de-microsoft\/07\/2024\/\" target=\"_blank\" rel=\"noopener\"><b>Ca\u00edda de Microsoft genera p\u00e9rdida financiera por interconexi\u00f3n masiva<\/b><\/a><\/td>\n<\/tr>\n<\/tbody>\n<\/table>\n<h2><\/h2>\n<h2><span class=\"ez-toc-section\" id=\"Amazon_discutio_esta_decision_por_varios_meses\"><\/span><span style=\"color: #ff6600;\"><b>Amazon discuti\u00f3 esta decisi\u00f3n por varios meses<\/b><\/span><span class=\"ez-toc-section-end\"><\/span><\/h2>\n<p><span style=\"font-weight: 400;\">Aparentemente la decisi\u00f3n de Amazon de eliminar la opci\u00f3n de trabajo remoto o teletrabajo no fue tomada con rapidez. En cambio fue una larga discusi\u00f3n lo que llev\u00f3 a por fin formalizar esta decisi\u00f3n.<\/span><\/p>\n<p><span style=\"font-weight: 400;\">La compa\u00f1\u00eda emplea a m\u00e1s de un mill\u00f3n de profesionales a lo largo y ancho del mundo. Incluso es posible que contin\u00fae con varios programas de teletrabajo que le ha permitido crear alianzas corporativas con profesionales en distintas partes del mundo.<\/span><\/p>\n<p><span style=\"font-weight: 400;\">Mientras que los trabajadores que est\u00e1n ingresados de forma oficial en la n\u00f3mina de Amazon y que trabajan en la oficina, <\/span><b>deber\u00e1n regresar a las instalaciones de trabajo.\u00a0<\/b><\/p>\n<p><span style=\"font-weight: 400;\">Todo parece indicar que los niveles de productividad con esta modalidad <\/span><b>no superaron las expectativas del CEO.<\/b><span style=\"font-weight: 400;\"> Finalmente, se cree que varios trabajadores lamentan perder la opci\u00f3n de trabajar desde casa al menos durante dos d\u00edas a la semana.\u00a0<\/span><\/p>\n","protected":false},"excerpt":{"rendered":"<p>Amazon ha decidido revocar su decisi\u00f3n de permitir la modalidad de teletrabajo que dur\u00f3 varios meses. Ahora los trabajadores deber\u00e1n volver a una rutina de cinco d\u00edas de trabajo en horario de oficina. Pese a que los efectos de la pandemia por Covid 19 impuls\u00f3 el teletrabajo en peque\u00f1as y grandes empresas, Amazon hab\u00eda decidido [&hellip;]<\/p>\n","protected":false},"author":3,"featured_media":1187,"comment_status":"open","ping_status":"open","sticky":false,"template":"","format":"standard","meta":{"_et_pb_use_builder":"","_et_pb_old_content":"","_et_gb_content_width":"","footnotes":""},"categories":[43],"tags":[967,968,964,966,965,969],"class_list":["post-1186","post","type-post","status-publish","format-standard","has-post-thumbnail","hentry","category-empresas","tag-amazon-espana","tag-amazon-revoca-teletrabajo","tag-amazon-teletrabajo","tag-aplicar-para-trabajar-en-amazon-en-espanol","tag-noticias-de-amazon","tag-ofertas-de-trabajo-amazon"],"_links":{"self":[{"href":"https:\/\/www.seguros-empresas.es\/blog\/wp-json\/wp\/v2\/posts\/1186","targetHints":{"allow":["GET"]}}],"collection":[{"href":"https:\/\/www.seguros-empresas.es\/blog\/wp-json\/wp\/v2\/posts"}],"about":[{"href":"https:\/\/www.seguros-empresas.es\/blog\/wp-json\/wp\/v2\/types\/post"}],"author":[{"embeddable":true,"href":"https:\/\/www.seguros-empresas.es\/blog\/wp-json\/wp\/v2\/users\/3"}],"replies":[{"embeddable":true,"href":"https:\/\/www.seguros-empresas.es\/blog\/wp-json\/wp\/v2\/comments?post=1186"}],"version-history":[{"count":1,"href":"https:\/\/www.seguros-empresas.es\/blog\/wp-json\/wp\/v2\/posts\/1186\/revisions"}],"predecessor-version":[{"id":1188,"href":"https:\/\/www.seguros-empresas.es\/blog\/wp-json\/wp\/v2\/posts\/1186\/revisions\/1188"}],"wp:featuredmedia":[{"embeddable":true,"href":"https:\/\/www.seguros-empresas.es\/blog\/wp-json\/wp\/v2\/media\/1187"}],"wp:attachment":[{"href":"https:\/\/www.seguros-empresas.es\/blog\/wp-json\/wp\/v2\/media?parent=1186"}],"wp:term":[{"taxonomy":"category","embeddable":true,"href":"https:\/\/www.seguros-empresas.es\/blog\/wp-json\/wp\/v2\/categories?post=1186"},{"taxonomy":"post_tag","embeddable":true,"href":"https:\/\/www.seguros-empresas.es\/blog\/wp-json\/wp\/v2\/tags?post=1186"}],"curies":[{"name":"wp","href":"https:\/\/api.w.org\/{rel}","templated":true}]}}