{"id":1246,"date":"2025-05-15T07:05:37","date_gmt":"2025-05-15T05:05:37","guid":{"rendered":"https:\/\/www.seguros-empresas.es\/blog\/?p=1246"},"modified":"2025-05-15T07:05:37","modified_gmt":"2025-05-15T05:05:37","slug":"quien-es-realmente-leon-xiv","status":"publish","type":"post","link":"https:\/\/www.seguros-empresas.es\/blog\/quien-es-realmente-leon-xiv\/05\/2025\/","title":{"rendered":"\u00bfQui\u00e9n es realmente Leon XIV? El nuevo Papa"},"content":{"rendered":"<p><span style=\"font-weight: 400;\">El 8 de mayo de 2025, la Iglesia Cat\u00f3lica anunci\u00f3 al nuevo l\u00edder espiritual de m\u00e1s de mil millones de fieles: <\/span><b>Le\u00f3n XIV<\/b><span style=\"font-weight: 400;\">. La elecci\u00f3n de este pont\u00edfice ha generado gran inter\u00e9s, no solo por su nacionalidad estadounidense.<\/span><\/p>\n<p><span style=\"font-weight: 400;\">Pues tambi\u00e9n<\/span><b> por su profundo v\u00ednculo con Am\u00e9rica Latina <\/b><span style=\"font-weight: 400;\">y su compromiso con los valores sociales y pastorales. <\/span><b>Le\u00f3n XIV<\/b><span style=\"font-weight: 400;\"> asume el papado en un momento crucial para la Iglesia, enfrentando desaf\u00edos contempor\u00e1neos que requieren una gu\u00eda firme y compasiva.\u00a0<\/span><\/p>\n<p><span style=\"font-weight: 400;\">Su trayectoria y visi\u00f3n ofrecen una esperanza renovada para una Iglesia m\u00e1s inclusiva y comprometida con los m\u00e1s necesitados. Pero, \u00bfQui\u00e9n es realmente el nuevo Papa? \u00a1Lo abordamos en el post!<\/span><\/p>\n<table>\n<tbody>\n<tr>\n<td><b>Descubre: <\/b><a title=\"jornada laboral 2025\" href=\"https:\/\/www.seguros-empresas.es\/blog\/la-jornada-laboral-2025\/05\/2025\/\" target=\"_blank\" rel=\"noopener\"><b>Se plantea posible acuerdo para la jornada laboral 2025<\/b><\/a><\/td>\n<\/tr>\n<\/tbody>\n<\/table>\n<div id=\"ez-toc-container\" class=\"ez-toc-v2_0_82_2 counter-hierarchy ez-toc-counter ez-toc-grey ez-toc-container-direction\">\n<div class=\"ez-toc-title-container\">\n<p class=\"ez-toc-title\" style=\"cursor:inherit\">Table of Contents<\/p>\n<span class=\"ez-toc-title-toggle\"><a href=\"#\" class=\"ez-toc-pull-right ez-toc-btn ez-toc-btn-xs ez-toc-btn-default ez-toc-toggle\" aria-label=\"Alternar tabla de contenidos\"><span class=\"ez-toc-js-icon-con\"><span class=\"\"><span class=\"eztoc-hide\" style=\"display:none;\">Toggle<\/span><span class=\"ez-toc-icon-toggle-span\"><svg style=\"fill: #999;color:#999\" xmlns=\"http:\/\/www.w3.org\/2000\/svg\" class=\"list-377408\" width=\"20px\" height=\"20px\" viewBox=\"0 0 24 24\" fill=\"none\"><path d=\"M6 6H4v2h2V6zm14 0H8v2h12V6zM4 11h2v2H4v-2zm16 0H8v2h12v-2zM4 16h2v2H4v-2zm16 0H8v2h12v-2z\" fill=\"currentColor\"><\/path><\/svg><svg style=\"fill: #999;color:#999\" class=\"arrow-unsorted-368013\" xmlns=\"http:\/\/www.w3.org\/2000\/svg\" width=\"10px\" height=\"10px\" viewBox=\"0 0 24 24\" version=\"1.2\" baseProfile=\"tiny\"><path d=\"M18.2 9.3l-6.2-6.3-6.2 6.3c-.2.2-.3.4-.3.7s.1.5.3.7c.2.2.4.3.7.3h11c.3 0 .5-.1.7-.3.2-.2.3-.5.3-.7s-.1-.5-.3-.7zM5.8 14.7l6.2 6.3 6.2-6.3c.2-.2.3-.5.3-.7s-.1-.5-.3-.7c-.2-.2-.4-.3-.7-.3h-11c-.3 0-.5.1-.7.3-.2.2-.3.5-.3.7s.1.5.3.7z\"\/><\/svg><\/span><\/span><\/span><\/a><\/span><\/div>\n<nav><ul class='ez-toc-list ez-toc-list-level-1 ' ><li class='ez-toc-page-1 ez-toc-heading-level-2'><a class=\"ez-toc-link ez-toc-heading-1\" href=\"https:\/\/www.seguros-empresas.es\/blog\/quien-es-realmente-leon-xiv\/05\/2025\/#%C2%BFQuien_es_Leon_XIV\" >\u00bfQui\u00e9n es Le\u00f3n XIV?<\/a><ul class='ez-toc-list-level-3' ><li class='ez-toc-heading-level-3'><a class=\"ez-toc-link ez-toc-heading-2\" href=\"https:\/\/www.seguros-empresas.es\/blog\/quien-es-realmente-leon-xiv\/05\/2025\/#%C2%BFEn_que_iglesia_predicaba_Leon_XIV\" >\u00bfEn qu\u00e9 iglesia predicaba Le\u00f3n XIV?<\/a><\/li><\/ul><\/li><li class='ez-toc-page-1 ez-toc-heading-level-2'><a class=\"ez-toc-link ez-toc-heading-3\" href=\"https:\/\/www.seguros-empresas.es\/blog\/quien-es-realmente-leon-xiv\/05\/2025\/#%C2%BFQue_opiniones_surgieron_sobre_el_nuevo_Papa\" >\u00bfQu\u00e9 opiniones surgieron sobre el nuevo Papa?<\/a><\/li><li class='ez-toc-page-1 ez-toc-heading-level-2'><a class=\"ez-toc-link ez-toc-heading-4\" href=\"https:\/\/www.seguros-empresas.es\/blog\/quien-es-realmente-leon-xiv\/05\/2025\/#%C2%BFCuales_son_los_ideales_de_Leon_XIV\" >\u00bfCu\u00e1les son los ideales de Le\u00f3n XIV?<\/a><\/li><li class='ez-toc-page-1 ez-toc-heading-level-2'><a class=\"ez-toc-link ez-toc-heading-5\" href=\"https:\/\/www.seguros-empresas.es\/blog\/quien-es-realmente-leon-xiv\/05\/2025\/#Conclusiones_sobre_el_nuevo_Papa\" >Conclusiones sobre el nuevo Papa<\/a><\/li><\/ul><\/nav><\/div>\n<h2><span class=\"ez-toc-section\" id=\"%C2%BFQuien_es_Leon_XIV\"><\/span><span style=\"color: #ff6600;\"><b>\u00bfQui\u00e9n es Le\u00f3n XIV?<\/b><\/span><span class=\"ez-toc-section-end\"><\/span><\/h2>\n<p><span style=\"font-weight: 400;\">Nacido como Robert Francis Prevost en Chicago, Estados Unidos, en 1955, <\/span><b>Le\u00f3n XIV<\/b><span style=\"font-weight: 400;\"> es el primer papa estadounidense y el primer miembro de la Orden de San Agust\u00edn en ocupar el trono de San Pedro.\u00a0<\/span><\/p>\n<p><span style=\"font-weight: 400;\">Con una s\u00f3lida formaci\u00f3n acad\u00e9mica, obtuvo una licenciatura en matem\u00e1ticas en 1977 y posteriormente <\/span><b>se doctor\u00f3 en derecho can\u00f3nico en la Universidad Pontificia<\/b><span style=\"font-weight: 400;\"> de Santo Tom\u00e1s de Aquino en Roma. Su ordenaci\u00f3n sacerdotal tuvo lugar en 1982 .<\/span><\/p>\n<table>\n<tbody>\n<tr>\n<td>\n<p style=\"text-align: center;\"><span style=\"font-weight: 400;\">\u00bfQuieres asegurarte con la p\u00f3liza m\u00e1s rentable del mercado? Usa GRATIS nuestro <\/span><a title=\"comparador de seguros de Pymes\" href=\"https:\/\/www.seguros-generales.es\/seguros-pyme.html\" target=\"_blank\" rel=\"noopener\"><b>comparador de seguros de Pymes<\/b><\/a> <span style=\"font-weight: 400;\">y elige la opci\u00f3n m\u00e1s competente.\u00a0<\/span><\/p>\n<\/td>\n<\/tr>\n<\/tbody>\n<\/table>\n<p><span style=\"font-weight: 400;\">Su vocaci\u00f3n misionera lo llev\u00f3 a Per\u00fa, donde desempe\u00f1\u00f3 una labor pastoral significativa, especialmente en la di\u00f3cesis de Chiclayo. All\u00ed, su enfoque cercano y humilde le vali\u00f3 el cari\u00f1o de la comunidad, que lo apodaba \u00abCaserito\u00bb por su trato afable y cotidiano .<\/span><\/p>\n<h3><span class=\"ez-toc-section\" id=\"%C2%BFEn_que_iglesia_predicaba_Leon_XIV\"><\/span><span style=\"color: #ff6600;\"><b>\u00bfEn qu\u00e9 iglesia predicaba Le\u00f3n XIV?<\/b><\/span><span class=\"ez-toc-section-end\"><\/span><\/h3>\n<p><span style=\"font-weight: 400;\">Durante su tiempo en Per\u00fa, <\/span><b>Le\u00f3n XIV<\/b><span style=\"font-weight: 400;\"> sirvi\u00f3 como obispo de la di\u00f3cesis de Chiclayo, una regi\u00f3n donde enfrent\u00f3 desaf\u00edos pastorales y sociales. Su enfoque se centr\u00f3 en la renovaci\u00f3n de la Iglesia local.<\/span><\/p>\n<p><span style=\"font-weight: 400;\">Todo esto <\/span><b>promoviendo la participaci\u00f3n activa de los laicos <\/b><span style=\"font-weight: 400;\">y fortaleciendo las estructuras eclesi\u00e1sticas para responder mejor a las necesidades de la comunidad .<\/span><\/p>\n<p><span style=\"font-weight: 400;\">Su experiencia en Chiclayo consolid\u00f3 su reputaci\u00f3n como un l\u00edder comprometido con la justicia social y la inclusi\u00f3n, valores que ha llevado consigo al Vaticano.<\/span><\/p>\n<h2><span class=\"ez-toc-section\" id=\"%C2%BFQue_opiniones_surgieron_sobre_el_nuevo_Papa\"><\/span><span style=\"color: #ff6600;\"><b>\u00bfQu\u00e9 opiniones surgieron sobre el nuevo Papa?<\/b><\/span><span class=\"ez-toc-section-end\"><\/span><\/h2>\n<p><span style=\"font-weight: 400;\">La elecci\u00f3n de <\/span><b>Le\u00f3n XIV<\/b><span style=\"font-weight: 400;\"> ha generado diversas reacciones. Muchos ven en \u00e9l una continuaci\u00f3n del legado reformista de su predecesor, el Papa Francisco, especialmente en temas como la lucha contra los abusos dentro de la Iglesia y la promoci\u00f3n de una Iglesia m\u00e1s sinodal y cercana al pueblo.<\/span><\/p>\n<p><span style=\"font-weight: 400;\">Sin embargo, su elecci\u00f3n tambi\u00e9n ha suscitado debates, especialmente por su nacionalidad estadounidense y su estilo lit\u00fargico m\u00e1s tradicional, evidenciado en su aparici\u00f3n con la muceta, la estola y la cruz de oro, elementos que algunos interpretan como un retorno a pr\u00e1cticas m\u00e1s conservadoras.<\/span><\/p>\n<p><a href=\"https:\/\/www.seguros-generales.es\/seguros-pyme.html\" target=\"_blank\" rel=\"noopener\"><img loading=\"lazy\" decoding=\"async\" class=\"aligncenter wp-image-1175 size-full\" title=\"comparador de seguros de Pyme\" src=\"https:\/\/www.seguros-empresas.es\/blog\/wp-content\/uploads\/2024\/08\/EMPRESA.png\" alt=\"comparador de seguros de Pyme\" width=\"600\" height=\"200\" srcset=\"https:\/\/www.seguros-empresas.es\/blog\/wp-content\/uploads\/2024\/08\/EMPRESA.png 600w, https:\/\/www.seguros-empresas.es\/blog\/wp-content\/uploads\/2024\/08\/EMPRESA-480x160.png 480w\" sizes=\"(min-width: 0px) and (max-width: 480px) 480px, (min-width: 481px) 600px, 100vw\" \/><\/a><\/p>\n<h2><span class=\"ez-toc-section\" id=\"%C2%BFCuales_son_los_ideales_de_Leon_XIV\"><\/span><span style=\"color: #ff6600;\"><b>\u00bfCu\u00e1les son los ideales de Le\u00f3n XIV?<\/b><\/span><span class=\"ez-toc-section-end\"><\/span><\/h2>\n<p><span style=\"font-weight: 400;\">Le\u00f3n XIV ha expresado su compromiso con una Iglesia que defienda la justicia social, la paz y la dignidad humana. Ha apoyado la inclusi\u00f3n de mujeres en roles de liderazgo dentro de la Iglesia, como su participaci\u00f3n en el Dicasterio para los Obispos, y <\/span><b>ha mostrado una postura firme contra los abusos sexuales<\/b><span style=\"font-weight: 400;\">, promoviendo pol\u00edticas de tolerancia cero.<\/span><\/p>\n<p><span style=\"font-weight: 400;\">Adem\u00e1s, ha manifestado su preocupaci\u00f3n por el medio ambiente y la necesidad de una Iglesia que camine con los tiempos, adapt\u00e1ndose a los desaf\u00edos contempor\u00e1neos sin perder su esencia espiritual .<\/span><\/p>\n<h2><span class=\"ez-toc-section\" id=\"Conclusiones_sobre_el_nuevo_Papa\"><\/span><span style=\"color: #ff6600;\"><b>Conclusiones sobre el nuevo Papa<\/b><\/span><span class=\"ez-toc-section-end\"><\/span><\/h2>\n<p><span style=\"font-weight: 400;\">La llegada de <\/span><b>Le\u00f3n XIV<\/b><span style=\"font-weight: 400;\"> al papado representa una oportunidad para la Iglesia Cat\u00f3lica de reafirmar su compromiso con los valores evang\u00e9licos en un mundo en constante cambio. Su combinaci\u00f3n de experiencia pastoral, formaci\u00f3n acad\u00e9mica y sensibilidad social lo posiciona como un l\u00edder capaz de guiar a la Iglesia hacia una renovaci\u00f3n profunda y significativa.<\/span><\/p>\n<p><span style=\"font-weight: 400;\">A medida que avanza su pontificado, ser\u00e1 crucial observar c\u00f3mo implementa sus ideales y enfrenta los desaf\u00edos que se presentan, siempre con la esperanza de una Iglesia m\u00e1s inclusiva, justa y comprometida con el bienestar de toda la humanidad.<\/span><\/p>\n","protected":false},"excerpt":{"rendered":"<p>El 8 de mayo de 2025, la Iglesia Cat\u00f3lica anunci\u00f3 al nuevo l\u00edder espiritual de m\u00e1s de mil millones de fieles: Le\u00f3n XIV. La elecci\u00f3n de este pont\u00edfice ha generado gran inter\u00e9s, no solo por su nacionalidad estadounidense. Pues tambi\u00e9n por su profundo v\u00ednculo con Am\u00e9rica Latina y su compromiso con los valores sociales y [&hellip;]<\/p>\n","protected":false},"author":3,"featured_media":1247,"comment_status":"open","ping_status":"open","sticky":false,"template":"","format":"standard","meta":{"_et_pb_use_builder":"","_et_pb_old_content":"","_et_gb_content_width":"","footnotes":""},"categories":[4],"tags":[1032,1030,1034,1031,1033],"class_list":["post-1246","post","type-post","status-publish","format-standard","has-post-thumbnail","hentry","category-noticia","tag-de-donde-es-leon-xiv","tag-leon-xiv","tag-leon-xiv-edad","tag-leon-xiv-noticias","tag-quien-es-leon-xiv"],"_links":{"self":[{"href":"https:\/\/www.seguros-empresas.es\/blog\/wp-json\/wp\/v2\/posts\/1246","targetHints":{"allow":["GET"]}}],"collection":[{"href":"https:\/\/www.seguros-empresas.es\/blog\/wp-json\/wp\/v2\/posts"}],"about":[{"href":"https:\/\/www.seguros-empresas.es\/blog\/wp-json\/wp\/v2\/types\/post"}],"author":[{"embeddable":true,"href":"https:\/\/www.seguros-empresas.es\/blog\/wp-json\/wp\/v2\/users\/3"}],"replies":[{"embeddable":true,"href":"https:\/\/www.seguros-empresas.es\/blog\/wp-json\/wp\/v2\/comments?post=1246"}],"version-history":[{"count":1,"href":"https:\/\/www.seguros-empresas.es\/blog\/wp-json\/wp\/v2\/posts\/1246\/revisions"}],"predecessor-version":[{"id":1248,"href":"https:\/\/www.seguros-empresas.es\/blog\/wp-json\/wp\/v2\/posts\/1246\/revisions\/1248"}],"wp:featuredmedia":[{"embeddable":true,"href":"https:\/\/www.seguros-empresas.es\/blog\/wp-json\/wp\/v2\/media\/1247"}],"wp:attachment":[{"href":"https:\/\/www.seguros-empresas.es\/blog\/wp-json\/wp\/v2\/media?parent=1246"}],"wp:term":[{"taxonomy":"category","embeddable":true,"href":"https:\/\/www.seguros-empresas.es\/blog\/wp-json\/wp\/v2\/categories?post=1246"},{"taxonomy":"post_tag","embeddable":true,"href":"https:\/\/www.seguros-empresas.es\/blog\/wp-json\/wp\/v2\/tags?post=1246"}],"curies":[{"name":"wp","href":"https:\/\/api.w.org\/{rel}","templated":true}]}}