{"id":1281,"date":"2025-08-13T05:17:38","date_gmt":"2025-08-13T03:17:38","guid":{"rendered":"https:\/\/www.seguros-empresas.es\/blog\/?p=1281"},"modified":"2025-08-13T05:17:38","modified_gmt":"2025-08-13T03:17:38","slug":"muere-trabajador-en-restaurante","status":"publish","type":"post","link":"https:\/\/www.seguros-empresas.es\/blog\/muere-trabajador-en-restaurante\/08\/2025\/","title":{"rendered":"Muere trabajador en restaurante en Zaragoza de 22 a\u00f1os"},"content":{"rendered":"<p><span style=\"font-weight: 400;\">La noticia de que muere trabajador en restaurante ha generado conmoci\u00f3n entre vecinos y compa\u00f1eros, quienes describen al joven como una persona comprometida y trabajadora.<\/span><\/p>\n<p><span style=\"font-weight: 400;\">La tragedia golpe\u00f3 este fin de semana al barrio de Las Fuentes, en Zaragoza, cuando <\/span><b>un joven de tan solo 22 a\u00f1os perdi\u00f3 la vida en su lugar de trabajo. <\/b><span style=\"font-weight: 400;\">Una situaci\u00f3n at\u00edpica que ha activado las alarmas en materia de seguridad.\u00a0<\/span><\/p>\n<p><a href=\"https:\/\/www.seguros-generales.es\/seguros-pyme.html\" target=\"_blank\" rel=\"noopener\"><img loading=\"lazy\" decoding=\"async\" class=\"aligncenter wp-image-1175 size-full\" title=\"comparador de seguros de Pyme\" src=\"https:\/\/www.seguros-empresas.es\/blog\/wp-content\/uploads\/2024\/08\/EMPRESA.png\" alt=\"comparador de seguros de Pyme\" width=\"600\" height=\"200\" srcset=\"https:\/\/www.seguros-empresas.es\/blog\/wp-content\/uploads\/2024\/08\/EMPRESA.png 600w, https:\/\/www.seguros-empresas.es\/blog\/wp-content\/uploads\/2024\/08\/EMPRESA-480x160.png 480w\" sizes=\"(min-width: 0px) and (max-width: 480px) 480px, (min-width: 481px) 600px, 100vw\" \/><\/a><\/p>\n<p><span style=\"font-weight: 400;\">El incidente <\/span><b>se produjo en el restaurante \u201cEl Casero\u201d<\/b><span style=\"font-weight: 400;\">, especializado en comida oriental. Seg\u00fan las primeras informaciones, el empleado estaba realizando labores de mantenimiento en la cocina cuando recibi\u00f3 una descarga el\u00e9ctrica.\u00a0<\/span><\/p>\n<p><span style=\"font-weight: 400;\">El suceso se suma a una preocupante estad\u00edstica: en lo que va de a\u00f1o, <\/span><b>Arag\u00f3n ha registrado 25 fallecimientos por accidentes laborales<\/b><span style=\"font-weight: 400;\"> o en el trayecto hacia el trabajo.<\/span><\/p>\n<table>\n<tbody>\n<tr>\n<td><b>Descubre: <\/b><a href=\"https:\/\/www.seguros-empresas.es\/blog\/1274-2\/08\/2025\/\"><b>Por qu\u00e9 Europa Press se fija en Grupo Seguros Generales<\/b><\/a><\/td>\n<\/tr>\n<\/tbody>\n<\/table>\n<div id=\"ez-toc-container\" class=\"ez-toc-v2_0_82_2 counter-hierarchy ez-toc-counter ez-toc-grey ez-toc-container-direction\">\n<div class=\"ez-toc-title-container\">\n<p class=\"ez-toc-title\" style=\"cursor:inherit\">Table of Contents<\/p>\n<span class=\"ez-toc-title-toggle\"><a href=\"#\" class=\"ez-toc-pull-right ez-toc-btn ez-toc-btn-xs ez-toc-btn-default ez-toc-toggle\" aria-label=\"Alternar tabla de contenidos\"><span class=\"ez-toc-js-icon-con\"><span class=\"\"><span class=\"eztoc-hide\" style=\"display:none;\">Toggle<\/span><span class=\"ez-toc-icon-toggle-span\"><svg style=\"fill: #999;color:#999\" xmlns=\"http:\/\/www.w3.org\/2000\/svg\" class=\"list-377408\" width=\"20px\" height=\"20px\" viewBox=\"0 0 24 24\" fill=\"none\"><path d=\"M6 6H4v2h2V6zm14 0H8v2h12V6zM4 11h2v2H4v-2zm16 0H8v2h12v-2zM4 16h2v2H4v-2zm16 0H8v2h12v-2z\" fill=\"currentColor\"><\/path><\/svg><svg style=\"fill: #999;color:#999\" class=\"arrow-unsorted-368013\" xmlns=\"http:\/\/www.w3.org\/2000\/svg\" width=\"10px\" height=\"10px\" viewBox=\"0 0 24 24\" version=\"1.2\" baseProfile=\"tiny\"><path d=\"M18.2 9.3l-6.2-6.3-6.2 6.3c-.2.2-.3.4-.3.7s.1.5.3.7c.2.2.4.3.7.3h11c.3 0 .5-.1.7-.3.2-.2.3-.5.3-.7s-.1-.5-.3-.7zM5.8 14.7l6.2 6.3 6.2-6.3c.2-.2.3-.5.3-.7s-.1-.5-.3-.7c-.2-.2-.4-.3-.7-.3h-11c-.3 0-.5.1-.7.3-.2.2-.3.5-.3.7s.1.5.3.7z\"\/><\/svg><\/span><\/span><\/span><\/a><\/span><\/div>\n<nav><ul class='ez-toc-list ez-toc-list-level-1 ' ><li class='ez-toc-page-1 ez-toc-heading-level-2'><a class=\"ez-toc-link ez-toc-heading-1\" href=\"https:\/\/www.seguros-empresas.es\/blog\/muere-trabajador-en-restaurante\/08\/2025\/#Muere_trabajador_en_restaurante_al_manipular_una_campana\" >Muere trabajador en restaurante al manipular una campana<\/a><\/li><li class='ez-toc-page-1 ez-toc-heading-level-2'><a class=\"ez-toc-link ez-toc-heading-2\" href=\"https:\/\/www.seguros-empresas.es\/blog\/muere-trabajador-en-restaurante\/08\/2025\/#Una_cifra_preocupante_de_accidentes_laborales\" >Una cifra preocupante de accidentes laborales<\/a><ul class='ez-toc-list-level-3' ><li class='ez-toc-heading-level-3'><a class=\"ez-toc-link ez-toc-heading-3\" href=\"https:\/\/www.seguros-empresas.es\/blog\/muere-trabajador-en-restaurante\/08\/2025\/#Reacciones_en_la_comunidad\" >Reacciones en la comunidad<\/a><\/li><li class='ez-toc-page-1 ez-toc-heading-level-3'><a class=\"ez-toc-link ez-toc-heading-4\" href=\"https:\/\/www.seguros-empresas.es\/blog\/muere-trabajador-en-restaurante\/08\/2025\/#Seguridad_laboral_en_hosteleria\" >Seguridad laboral en hosteler\u00eda<\/a><\/li><\/ul><\/li><li class='ez-toc-page-1 ez-toc-heading-level-2'><a class=\"ez-toc-link ez-toc-heading-5\" href=\"https:\/\/www.seguros-empresas.es\/blog\/muere-trabajador-en-restaurante\/08\/2025\/#%C2%BFEl_seguro_de_empresas_cubre_danos_por_incendio\" >\u00bfEl seguro de empresas cubre da\u00f1os por incendio?<\/a><\/li><li class='ez-toc-page-1 ez-toc-heading-level-2'><a class=\"ez-toc-link ez-toc-heading-6\" href=\"https:\/\/www.seguros-empresas.es\/blog\/muere-trabajador-en-restaurante\/08\/2025\/#Mejores_seguros_de_empresas_con_cobertura_de_incendios\" >Mejores seguros de empresas con cobertura de incendios<\/a><\/li><\/ul><\/nav><\/div>\n<h2><span class=\"ez-toc-section\" id=\"Muere_trabajador_en_restaurante_al_manipular_una_campana\"><\/span><span style=\"color: #ff6600;\"><b>Muere trabajador en restaurante al manipular una campana<\/b><\/span><span class=\"ez-toc-section-end\"><\/span><\/h2>\n<p><span style=\"font-weight: 400;\">Fuentes policiales confirmaron que el accidente ocurri\u00f3 alrededor de las 12:30 horas del s\u00e1bado. El joven estaba manipulando la campana extractora del sistema de humos cuando, <\/span><b>por causas que a\u00fan se investigan, sufri\u00f3 la descarga.\u00a0<\/b><\/p>\n<p><span style=\"font-weight: 400;\">Todo apunta a que se encontraba limpiando la estructura en el momento del incidente. Una situaci\u00f3n que r\u00e1pidamente se dio a conocer tras la naturaleza de los hechos.\u00a0<\/span><\/p>\n<p><span style=\"font-weight: 400;\">A pesar de la r\u00e1pida llegada de una ambulancia medicalizada y de los esfuerzos de los sanitarios por reanimarlo, <\/span><b>no fue posible salvarle la vida.<\/b><span style=\"font-weight: 400;\"> Los agentes de la Polic\u00eda Nacional y personal sanitario certificaron el fallecimiento en el lugar.<\/span><\/p>\n<table style=\"width: 99.3516%; height: 63px;\">\n<tbody>\n<tr>\n<td>\n<p style=\"text-align: center;\"><b>Usa el nuevo <\/b><a title=\"comparador de seguros de Pymes\" href=\"https:\/\/www.seguros-generales.es\/seguros-pyme.html\" target=\"_blank\" rel=\"noopener\"><b>comparador de seguros de Pymes<\/b><\/a><b> y elige la p\u00f3liza m\u00e1s completa al mejor precio.<\/b><\/p>\n<\/td>\n<\/tr>\n<\/tbody>\n<\/table>\n<h2><span class=\"ez-toc-section\" id=\"Una_cifra_preocupante_de_accidentes_laborales\"><\/span><span style=\"color: #ff6600;\"><b>Una cifra preocupante de accidentes laborales<\/b><\/span><span class=\"ez-toc-section-end\"><\/span><\/h2>\n<p><span style=\"font-weight: 400;\">Este lamentable suceso incrementa<\/span><b> la cifra de muertes en el trabajo en Arag\u00f3n a 25 en lo que va de a\u00f1o<\/b><span style=\"font-weight: 400;\">, siendo la tercera v\u00edctima registrada en una sola semana.\u00a0<\/span><\/p>\n<p><span style=\"font-weight: 400;\">Este dato ha generado preocupaci\u00f3n entre sindicatos y autoridades, que insisten en la necesidad de reforzar las <\/span><b>medidas de prevenci\u00f3n laboral <\/b><span style=\"font-weight: 400;\">en todos los sectores, incluida la hosteler\u00eda.<\/span><\/p>\n<h3><span class=\"ez-toc-section\" id=\"Reacciones_en_la_comunidad\"><\/span><span style=\"color: #ff6600;\"><b>Reacciones en la comunidad<\/b><\/span><span class=\"ez-toc-section-end\"><\/span><\/h3>\n<p><b>El restaurante \u201cEl Casero\u201d permaneci\u00f3 cerrado al d\u00eda siguiente <\/b><span style=\"font-weight: 400;\">como se\u00f1al de respeto y duelo. Vecinos y clientes habituales se acercaron a dejar flores y mensajes de condolencia.\u00a0<\/span><\/p>\n<p><span style=\"font-weight: 400;\">El caso ha reavivado el debate sobre la seguridad en el trabajo, especialmente en tareas que involucran equipos el\u00e9ctricos y mantenimiento en entornos de cocina.<\/span><\/p>\n<table>\n<tbody>\n<tr>\n<td><b>Descubre: <\/b><a title=\"El permiso parental ya es un hecho\" href=\"https:\/\/www.seguros-empresas.es\/blog\/el-permiso-parental\/07\/2025\/\" target=\"_blank\" rel=\"noopener\"><b>El permiso parental ya es un hecho en Espa\u00f1a: Duraci\u00f3n<\/b><\/a><\/td>\n<\/tr>\n<\/tbody>\n<\/table>\n<h3><span class=\"ez-toc-section\" id=\"Seguridad_laboral_en_hosteleria\"><\/span><span style=\"color: #ff6600;\"><b>Seguridad laboral en hosteler\u00eda<\/b><\/span><span class=\"ez-toc-section-end\"><\/span><\/h3>\n<p><span style=\"font-weight: 400;\">Los expertos se\u00f1alan que la manipulaci\u00f3n de sistemas el\u00e9ctricos debe realizarse siempre con las conexiones desconectadas y con equipos de protecci\u00f3n.\u00a0<\/span><\/p>\n<p><span style=\"font-weight: 400;\">Adem\u00e1s, recomiendan formaciones peri\u00f3dicas para que los empleados sepan c\u00f3mo actuar ante riesgos el\u00e9ctricos. La hosteler\u00eda, aunque no sea vista como un sector de alto riesgo, puede enfrentar accidentes graves si no se toman las precauciones adecuadas.<\/span><\/p>\n<h2><span class=\"ez-toc-section\" id=\"%C2%BFEl_seguro_de_empresas_cubre_danos_por_incendio\"><\/span><span style=\"color: #ff6600;\"><b>\u00bfEl seguro de empresas cubre da\u00f1os por incendio?<\/b><\/span><span class=\"ez-toc-section-end\"><\/span><\/h2>\n<p><span style=\"font-weight: 400;\">En Espa\u00f1a, muchas p\u00f3lizas de seguros para empresas incluyen cobertura frente a incendios, aunque el alcance de la protecci\u00f3n var\u00eda seg\u00fan la aseguradora y el plan contratado.\u00a0<\/span><\/p>\n<p><b>Esta cobertura suele proteger tanto el inmueble como el contenido<\/b><span style=\"font-weight: 400;\"> (maquinaria, mobiliario y existencias), y en algunos casos contempla indemnizaciones por la interrupci\u00f3n de la actividad. Es importante revisar las cl\u00e1usulas para conocer l\u00edmites, exclusiones y posibles requisitos.<\/span><\/p>\n<h2><span class=\"ez-toc-section\" id=\"Mejores_seguros_de_empresas_con_cobertura_de_incendios\"><\/span><span style=\"color: #ff6600;\"><b>Mejores seguros de empresas con cobertura de incendios<\/b><\/span><span class=\"ez-toc-section-end\"><\/span><\/h2>\n<table>\n<tbody>\n<tr>\n<td style=\"text-align: center;\"><b>Seguro<\/b><\/td>\n<td style=\"text-align: center;\"><b>Aseguradora<\/b><\/td>\n<td style=\"text-align: center;\"><b>Cobertura de da\u00f1os por incendio<\/b><\/td>\n<td style=\"text-align: center;\"><b>Otras coberturas destacadas<\/b><\/td>\n<\/tr>\n<tr>\n<td style=\"text-align: center;\"><span style=\"font-weight: 400;\">Empresa Segura Plus<\/span><\/td>\n<td style=\"text-align: center;\"><span style=\"font-weight: 400;\">Mapfre<\/span><\/td>\n<td style=\"text-align: center;\"><span style=\"font-weight: 400;\">Da\u00f1os totales y parciales en local y bienes<\/span><\/td>\n<td style=\"text-align: center;\"><span style=\"font-weight: 400;\">Robo, da\u00f1os por agua, responsabilidad civil<\/span><\/td>\n<\/tr>\n<tr>\n<td style=\"text-align: center;\"><span style=\"font-weight: 400;\">Protecci\u00f3n Pyme Integral<\/span><\/td>\n<td style=\"text-align: center;\"><span style=\"font-weight: 400;\">Allianz<\/span><\/td>\n<td style=\"text-align: center;\"><span style=\"font-weight: 400;\">Incendio, explosi\u00f3n y da\u00f1os por humo<\/span><\/td>\n<td style=\"text-align: center;\"><span style=\"font-weight: 400;\">P\u00e9rdida de beneficios, asistencia jur\u00eddica<\/span><\/td>\n<\/tr>\n<tr>\n<td style=\"text-align: center;\"><span style=\"font-weight: 400;\">Comercio y Empresa Completo<\/span><\/td>\n<td style=\"text-align: center;\"><span style=\"font-weight: 400;\">AXA<\/span><\/td>\n<td style=\"text-align: center;\"><span style=\"font-weight: 400;\">Incendio y da\u00f1os el\u00e9ctricos<\/span><\/td>\n<td style=\"text-align: center;\"><span style=\"font-weight: 400;\">Rotura de cristales, da\u00f1os por agua, RC<\/span><\/td>\n<\/tr>\n<tr>\n<td style=\"text-align: center;\"><span style=\"font-weight: 400;\">Plan Empresa Segura<\/span><\/td>\n<td style=\"text-align: center;\"><span style=\"font-weight: 400;\">Generali<\/span><\/td>\n<td style=\"text-align: center;\"><span style=\"font-weight: 400;\">Cobertura total por incendio<\/span><\/td>\n<td style=\"text-align: center;\"><span style=\"font-weight: 400;\">Fen\u00f3menos meteorol\u00f3gicos, asistencia 24h<\/span><\/td>\n<\/tr>\n<tr>\n<td style=\"text-align: center;\"><span style=\"font-weight: 400;\">Pyme Protegida Premium<\/span><\/td>\n<td style=\"text-align: center;\"><span style=\"font-weight: 400;\">Zurich<\/span><\/td>\n<td style=\"text-align: center;\"><span style=\"font-weight: 400;\">Incendio y combusti\u00f3n espont\u00e1nea<\/span><\/td>\n<td style=\"text-align: center;\"><span style=\"font-weight: 400;\">Robo, asistencia t\u00e9cnica, da\u00f1os por agua<\/span><\/td>\n<\/tr>\n<\/tbody>\n<\/table>\n<p>&nbsp;<\/p>\n","protected":false},"excerpt":{"rendered":"<p>La noticia de que muere trabajador en restaurante ha generado conmoci\u00f3n entre vecinos y compa\u00f1eros, quienes describen al joven como una persona comprometida y trabajadora. La tragedia golpe\u00f3 este fin de semana al barrio de Las Fuentes, en Zaragoza, cuando un joven de tan solo 22 a\u00f1os perdi\u00f3 la vida en su lugar de trabajo. [&hellip;]<\/p>\n","protected":false},"author":3,"featured_media":1282,"comment_status":"open","ping_status":"open","sticky":false,"template":"","format":"standard","meta":{"_et_pb_use_builder":"","_et_pb_old_content":"","_et_gb_content_width":"","footnotes":""},"categories":[4],"tags":[1103],"class_list":["post-1281","post","type-post","status-publish","format-standard","has-post-thumbnail","hentry","category-noticia","tag-muere-trabajador-en-restaurante"],"_links":{"self":[{"href":"https:\/\/www.seguros-empresas.es\/blog\/wp-json\/wp\/v2\/posts\/1281","targetHints":{"allow":["GET"]}}],"collection":[{"href":"https:\/\/www.seguros-empresas.es\/blog\/wp-json\/wp\/v2\/posts"}],"about":[{"href":"https:\/\/www.seguros-empresas.es\/blog\/wp-json\/wp\/v2\/types\/post"}],"author":[{"embeddable":true,"href":"https:\/\/www.seguros-empresas.es\/blog\/wp-json\/wp\/v2\/users\/3"}],"replies":[{"embeddable":true,"href":"https:\/\/www.seguros-empresas.es\/blog\/wp-json\/wp\/v2\/comments?post=1281"}],"version-history":[{"count":1,"href":"https:\/\/www.seguros-empresas.es\/blog\/wp-json\/wp\/v2\/posts\/1281\/revisions"}],"predecessor-version":[{"id":1283,"href":"https:\/\/www.seguros-empresas.es\/blog\/wp-json\/wp\/v2\/posts\/1281\/revisions\/1283"}],"wp:featuredmedia":[{"embeddable":true,"href":"https:\/\/www.seguros-empresas.es\/blog\/wp-json\/wp\/v2\/media\/1282"}],"wp:attachment":[{"href":"https:\/\/www.seguros-empresas.es\/blog\/wp-json\/wp\/v2\/media?parent=1281"}],"wp:term":[{"taxonomy":"category","embeddable":true,"href":"https:\/\/www.seguros-empresas.es\/blog\/wp-json\/wp\/v2\/categories?post=1281"},{"taxonomy":"post_tag","embeddable":true,"href":"https:\/\/www.seguros-empresas.es\/blog\/wp-json\/wp\/v2\/tags?post=1281"}],"curies":[{"name":"wp","href":"https:\/\/api.w.org\/{rel}","templated":true}]}}