{"id":1296,"date":"2025-10-25T06:29:50","date_gmt":"2025-10-25T04:29:50","guid":{"rendered":"https:\/\/www.seguros-empresas.es\/blog\/?p=1296"},"modified":"2025-10-25T06:29:50","modified_gmt":"2025-10-25T04:29:50","slug":"incendio-en-santona","status":"publish","type":"post","link":"https:\/\/www.seguros-empresas.es\/blog\/incendio-en-santona\/10\/2025\/","title":{"rendered":"M\u00faltiples explosiones causan grave incendio en Santo\u00f1a"},"content":{"rendered":"<p><span style=\"font-weight: 400;\">La tarde de este viernes qued\u00f3 marcada por un suceso que conmocion\u00f3 a toda Cantabria: un <\/span><b>grave incendio en Santo\u00f1a<\/b><span style=\"font-weight: 400;\"> arras\u00f3 por completo una f\u00e1brica conservera situada en el pol\u00edgono industrial del municipio.\u00a0<\/span><\/p>\n<p><span style=\"font-weight: 400;\">El fuego, que se origin\u00f3 tras <\/span><b>varias explosiones<\/b><span style=\"font-weight: 400;\">, gener\u00f3 una enorme columna de humo visible desde varios kil\u00f3metros a la redonda. <\/span><span style=\"font-weight: 400;\">Seg\u00fan informaron las autoridades, el siniestro se produjo en la planta de <\/span><b>Conservas Crespo<\/b><span style=\"font-weight: 400;\">, una empresa emblem\u00e1tica fundada en los a\u00f1os 40 y que inaugur\u00f3 su actual nave en 2003.\u00a0<\/span><\/p>\n<p><a href=\"https:\/\/www.seguros-generales.es\/seguros-pyme.html\" target=\"_blank\" rel=\"noopener\"><img loading=\"lazy\" decoding=\"async\" class=\"aligncenter wp-image-1175 size-full\" title=\"comparador de seguros de Pyme\" src=\"https:\/\/www.seguros-empresas.es\/blog\/wp-content\/uploads\/2024\/08\/EMPRESA.png\" alt=\"comparador de seguros de Pyme\" width=\"600\" height=\"200\" srcset=\"https:\/\/www.seguros-empresas.es\/blog\/wp-content\/uploads\/2024\/08\/EMPRESA.png 600w, https:\/\/www.seguros-empresas.es\/blog\/wp-content\/uploads\/2024\/08\/EMPRESA-480x160.png 480w\" sizes=\"(min-width: 0px) and (max-width: 480px) 480px, (min-width: 481px) 600px, 100vw\" \/><\/a><\/p>\n<p><span style=\"font-weight: 400;\">Afortunadamente, <\/span><b>no se han registrado v\u00edctimas<\/b><span style=\"font-weight: 400;\">, aunque las p\u00e9rdidas materiales son cuantiosas y el impacto en la comunidad local ha sido considerable.<\/span><\/p>\n<table>\n<tbody>\n<tr>\n<td><b>Descubre: <\/b><a href=\"https:\/\/www.seguros-empresas.es\/blog\/calendario-laboral-en-madrid\/09\/2025\/\"><b>Calendario Laboral en Madrid 2025: El cambio que todos esperaban<\/b><\/a><\/td>\n<\/tr>\n<\/tbody>\n<\/table>\n<div id=\"ez-toc-container\" class=\"ez-toc-v2_0_82_2 counter-hierarchy ez-toc-counter ez-toc-grey ez-toc-container-direction\">\n<div class=\"ez-toc-title-container\">\n<p class=\"ez-toc-title\" style=\"cursor:inherit\">Table of Contents<\/p>\n<span class=\"ez-toc-title-toggle\"><a href=\"#\" class=\"ez-toc-pull-right ez-toc-btn ez-toc-btn-xs ez-toc-btn-default ez-toc-toggle\" aria-label=\"Alternar tabla de contenidos\"><span class=\"ez-toc-js-icon-con\"><span class=\"\"><span class=\"eztoc-hide\" style=\"display:none;\">Toggle<\/span><span class=\"ez-toc-icon-toggle-span\"><svg style=\"fill: #999;color:#999\" xmlns=\"http:\/\/www.w3.org\/2000\/svg\" class=\"list-377408\" width=\"20px\" height=\"20px\" viewBox=\"0 0 24 24\" fill=\"none\"><path d=\"M6 6H4v2h2V6zm14 0H8v2h12V6zM4 11h2v2H4v-2zm16 0H8v2h12v-2zM4 16h2v2H4v-2zm16 0H8v2h12v-2z\" fill=\"currentColor\"><\/path><\/svg><svg style=\"fill: #999;color:#999\" class=\"arrow-unsorted-368013\" xmlns=\"http:\/\/www.w3.org\/2000\/svg\" width=\"10px\" height=\"10px\" viewBox=\"0 0 24 24\" version=\"1.2\" baseProfile=\"tiny\"><path d=\"M18.2 9.3l-6.2-6.3-6.2 6.3c-.2.2-.3.4-.3.7s.1.5.3.7c.2.2.4.3.7.3h11c.3 0 .5-.1.7-.3.2-.2.3-.5.3-.7s-.1-.5-.3-.7zM5.8 14.7l6.2 6.3 6.2-6.3c.2-.2.3-.5.3-.7s-.1-.5-.3-.7c-.2-.2-.4-.3-.7-.3h-11c-.3 0-.5.1-.7.3-.2.2-.3.5-.3.7s.1.5.3.7z\"\/><\/svg><\/span><\/span><\/span><\/a><\/span><\/div>\n<nav><ul class='ez-toc-list ez-toc-list-level-1 ' ><li class='ez-toc-page-1 ez-toc-heading-level-2'><a class=\"ez-toc-link ez-toc-heading-1\" href=\"https:\/\/www.seguros-empresas.es\/blog\/incendio-en-santona\/10\/2025\/#%C2%BFQue_causo_el_incendio_en_Santona\" >\u00bfQu\u00e9 caus\u00f3 el incendio en Santo\u00f1a?<\/a><\/li><li class='ez-toc-page-1 ez-toc-heading-level-2'><a class=\"ez-toc-link ez-toc-heading-2\" href=\"https:\/\/www.seguros-empresas.es\/blog\/incendio-en-santona\/10\/2025\/#Despliegue_de_emergencia_y_respuesta_inmediata\" >Despliegue de emergencia y respuesta inmediata<\/a><ul class='ez-toc-list-level-3' ><li class='ez-toc-heading-level-3'><a class=\"ez-toc-link ez-toc-heading-3\" href=\"https:\/\/www.seguros-empresas.es\/blog\/incendio-en-santona\/10\/2025\/#Impacto_economico_y_social\" >Impacto econ\u00f3mico y social<\/a><\/li><\/ul><\/li><li class='ez-toc-page-1 ez-toc-heading-level-2'><a class=\"ez-toc-link ez-toc-heading-4\" href=\"https:\/\/www.seguros-empresas.es\/blog\/incendio-en-santona\/10\/2025\/#Medidas_de_seguridad_ante_incendios_industriales\" >Medidas de seguridad ante incendios industriales<\/a><\/li><li class='ez-toc-page-1 ez-toc-heading-level-2'><a class=\"ez-toc-link ez-toc-heading-5\" href=\"https:\/\/www.seguros-empresas.es\/blog\/incendio-en-santona\/10\/2025\/#%C2%BFEl_seguro_de_Pymes_cubre_incendios\" >\u00bfEl seguro de Pymes cubre incendios?<\/a><\/li><li class='ez-toc-page-1 ez-toc-heading-level-2'><a class=\"ez-toc-link ez-toc-heading-6\" href=\"https:\/\/www.seguros-empresas.es\/blog\/incendio-en-santona\/10\/2025\/#Mejores_seguros_de_Pymes_con_coberturas_variadas\" >Mejores seguros de Pymes con coberturas variadas<\/a><\/li><\/ul><\/nav><\/div>\n<h2><span class=\"ez-toc-section\" id=\"%C2%BFQue_causo_el_incendio_en_Santona\"><\/span><span style=\"color: #ff6600;\"><b>\u00bfQu\u00e9 caus\u00f3 el incendio en Santo\u00f1a?<\/b><\/span><span class=\"ez-toc-section-end\"><\/span><\/h2>\n<p><span style=\"font-weight: 400;\">Las primeras investigaciones apuntan a que el <\/span><b>incendio en Santo\u00f1a<\/b><span style=\"font-weight: 400;\"> comenz\u00f3 a media tarde, alrededor de las <\/span><b>15:30 horas<\/b><span style=\"font-weight: 400;\">, tras un aviso recibido por el 112 de Cantabria.\u00a0<\/span><\/p>\n<p><span style=\"font-weight: 400;\">Varios testigos aseguraron haber escuchado <\/span><b>m\u00faltiples explosiones<\/b><span style=\"font-weight: 400;\"> antes de que las llamas se propagaran r\u00e1pidamente por la nave industrial, afectando a toda la estructura.<\/span><\/p>\n<p><span style=\"font-weight: 400;\">Aunque a\u00fan no se ha determinado el origen exacto, los equipos de emergencia trabajan con la hip\u00f3tesis de que una <\/span><b>reacci\u00f3n en la zona de maquinaria o almacenamiento<\/b><span style=\"font-weight: 400;\"> pudo desencadenar el fuego.\u00a0<\/span><\/p>\n<p><span style=\"font-weight: 400;\">La acumulaci\u00f3n de materiales inflamables propios de la industria conservera habr\u00eda contribuido a que las llamas se expandieran con rapidez.<\/span><\/p>\n<table style=\"width: 100.599%; height: 38px;\">\n<tbody>\n<tr>\n<td>\n<p style=\"text-align: center;\"><b>Usa el <\/b><a title=\"comparador de seguros de Pymes\" href=\"https:\/\/www.seguros-generales.es\/seguros-pyme.html\" target=\"_blank\" rel=\"noopener\"><b>comparador de seguros de Pymes<\/b><\/a><b>\u00a0 y consigue la p\u00f3liza m\u00e1s competitiva en el mercado.<\/b><\/p>\n<\/td>\n<\/tr>\n<\/tbody>\n<\/table>\n<h2><span class=\"ez-toc-section\" id=\"Despliegue_de_emergencia_y_respuesta_inmediata\"><\/span><span style=\"color: #ff6600;\"><b>Despliegue de emergencia y respuesta inmediata<\/b><\/span><span class=\"ez-toc-section-end\"><\/span><\/h2>\n<p><span style=\"font-weight: 400;\">El <\/span><b>incendio en Santo\u00f1a<\/b><span style=\"font-weight: 400;\"> moviliz\u00f3 a un amplio dispositivo de emergencias. Hasta el lugar se desplazaron <\/span><b>bomberos del Gobierno de Cantabria<\/b><span style=\"font-weight: 400;\">, junto con efectivos de <\/span><b>Castro Urdiales, Santander, el 061, Polic\u00eda Local y Guardia Civil<\/b><span style=\"font-weight: 400;\">.<\/span><\/p>\n<p><span style=\"font-weight: 400;\">El operativo se centr\u00f3 en <\/span><b>bajar la carga de calor y contener las llamas en el per\u00edmetro<\/b><span style=\"font-weight: 400;\"> para evitar su propagaci\u00f3n a otras naves del pol\u00edgono. El Ayuntamiento de Santo\u00f1a pidi\u00f3 a los vecinos que <\/span><b>cerraran puertas y ventanas<\/b><span style=\"font-weight: 400;\"> para protegerse del humo, que conten\u00eda <\/span><b>altos niveles de toxicidad<\/b><span style=\"font-weight: 400;\">.<\/span><\/p>\n<p><span style=\"font-weight: 400;\">Por precauci\u00f3n, tambi\u00e9n se recomend\u00f3 no acercarse a la zona afectada debido a la posible presencia de gases y residuos qu\u00edmicos en el aire.<\/span><\/p>\n<h3><span class=\"ez-toc-section\" id=\"Impacto_economico_y_social\"><\/span><span style=\"color: #ff6600;\"><b>Impacto econ\u00f3mico y social<\/b><\/span><span class=\"ez-toc-section-end\"><\/span><\/h3>\n<p><span style=\"font-weight: 400;\">El <\/span><b>incendio en Santo\u00f1a<\/b><span style=\"font-weight: 400;\"> supone un duro golpe para la econom\u00eda local, ya que <\/span><b>Conservas Crespo<\/b><span style=\"font-weight: 400;\"> era una de las empresas m\u00e1s representativas del sector pesquero de la regi\u00f3n. La f\u00e1brica daba empleo directo e indirecto a decenas de familias, por lo que las autoridades regionales ya estudian medidas de apoyo para los trabajadores afectados.<\/span><\/p>\n<p><span style=\"font-weight: 400;\">Adem\u00e1s, se est\u00e1n realizando <\/span><b>evaluaciones ambientales<\/b><span style=\"font-weight: 400;\"> para determinar el nivel de contaminaci\u00f3n generado por el humo y los residuos tras la extinci\u00f3n del fuego.<\/span><\/p>\n<h2><span class=\"ez-toc-section\" id=\"Medidas_de_seguridad_ante_incendios_industriales\"><\/span><span style=\"color: #ff6600;\"><b>Medidas de seguridad ante incendios industriales<\/b><\/span><span class=\"ez-toc-section-end\"><\/span><\/h2>\n<p><span style=\"font-weight: 400;\">Este suceso recuerda la importancia de <\/span><b>contar con planes de prevenci\u00f3n y seguros espec\u00edficos para empresas<\/b><span style=\"font-weight: 400;\">, especialmente en sectores con materiales inflamables.\u00a0<\/span><\/p>\n<p><span style=\"font-weight: 400;\">Las naves industriales deben mantener <\/span><b>revisiones peri\u00f3dicas de sus instalaciones el\u00e9ctricas y sistemas de ventilaci\u00f3n<\/b><span style=\"font-weight: 400;\">, as\u00ed como disponer de <\/span><b>protocolos de emergencia claros<\/b><span style=\"font-weight: 400;\"> para los trabajadores.<\/span><\/p>\n<p><span style=\"font-weight: 400;\">Una correcta gesti\u00f3n del riesgo puede marcar la diferencia entre un incidente controlado y una tragedia de grandes proporciones.<\/span><\/p>\n<h2><span class=\"ez-toc-section\" id=\"%C2%BFEl_seguro_de_Pymes_cubre_incendios\"><\/span><span style=\"color: #ff6600;\"><b>\u00bfEl seguro de Pymes cubre incendios?<\/b><\/span><span class=\"ez-toc-section-end\"><\/span><\/h2>\n<p><span style=\"font-weight: 400;\">En Espa\u00f1a, la mayor\u00eda de los <\/span><b>seguros para Pymes<\/b><span style=\"font-weight: 400;\"> incluyen cobertura por incendios, aunque el alcance var\u00eda seg\u00fan la p\u00f3liza. Estos seguros suelen cubrir <\/span><b>los da\u00f1os materiales<\/b><span style=\"font-weight: 400;\"> en las instalaciones, maquinaria y mercanc\u00eda, as\u00ed como <\/span><b>las p\u00e9rdidas de explotaci\u00f3n<\/b><span style=\"font-weight: 400;\"> que se deriven del siniestro.<\/span><\/p>\n<p><span style=\"font-weight: 400;\">No obstante, es importante revisar si la p\u00f3liza contempla <\/span><b>explosiones, humo o da\u00f1os el\u00e9ctricos<\/b><span style=\"font-weight: 400;\">, ya que algunos contratos exigen coberturas adicionales. Las empresas pueden personalizar sus seguros para garantizar una protecci\u00f3n completa ante este tipo de eventualidades.<\/span><\/p>\n<h2><span class=\"ez-toc-section\" id=\"Mejores_seguros_de_Pymes_con_coberturas_variadas\"><\/span><span style=\"color: #ff6600;\"><b>Mejores seguros de Pymes con coberturas variadas<\/b><\/span><span class=\"ez-toc-section-end\"><\/span><\/h2>\n<table class=\" aligncenter\">\n<tbody>\n<tr>\n<td><b>Seguro<\/b><\/td>\n<td><b>Aseguradora<\/b><\/td>\n<td><b>Coberturas destacadas<\/b><\/td>\n<td><b>Precio estimado (mensual)<\/b><\/td>\n<\/tr>\n<tr>\n<td><span style=\"font-weight: 400;\">Protecci\u00f3n Integral PYME<\/span><\/td>\n<td><span style=\"font-weight: 400;\">Mapfre<\/span><\/td>\n<td><span style=\"font-weight: 400;\">Incendios, explosiones, da\u00f1os el\u00e9ctricos y p\u00e9rdida de beneficios<\/span><\/td>\n<td><span style=\"font-weight: 400;\">Desde 45 \u20ac<\/span><\/td>\n<\/tr>\n<tr>\n<td><span style=\"font-weight: 400;\">Negocio Seguro Plus<\/span><\/td>\n<td><span style=\"font-weight: 400;\">Allianz<\/span><\/td>\n<td><span style=\"font-weight: 400;\">Cobertura de contenido, responsabilidad civil, robo y asistencia 24 h<\/span><\/td>\n<td><span style=\"font-weight: 400;\">Desde 42 \u20ac<\/span><\/td>\n<\/tr>\n<tr>\n<td><span style=\"font-weight: 400;\">Multirriesgo Empresa<\/span><\/td>\n<td><span style=\"font-weight: 400;\">AXA<\/span><\/td>\n<td><span style=\"font-weight: 400;\">Incendios, rotura de maquinaria, da\u00f1os por agua y vandalismo<\/span><\/td>\n<td><span style=\"font-weight: 400;\">Desde 50 \u20ac<\/span><\/td>\n<\/tr>\n<tr>\n<td><span style=\"font-weight: 400;\">Plan Comercio Total<\/span><\/td>\n<td><span style=\"font-weight: 400;\">Generali<\/span><\/td>\n<td><span style=\"font-weight: 400;\">Incendio, robo, asistencia t\u00e9cnica y defensa jur\u00eddica<\/span><\/td>\n<td><span style=\"font-weight: 400;\">Desde 47 \u20ac<\/span><\/td>\n<\/tr>\n<\/tbody>\n<\/table>\n<p>&nbsp;<\/p>\n","protected":false},"excerpt":{"rendered":"<p>La tarde de este viernes qued\u00f3 marcada por un suceso que conmocion\u00f3 a toda Cantabria: un grave incendio en Santo\u00f1a arras\u00f3 por completo una f\u00e1brica conservera situada en el pol\u00edgono industrial del municipio.\u00a0 El fuego, que se origin\u00f3 tras varias explosiones, gener\u00f3 una enorme columna de humo visible desde varios kil\u00f3metros a la redonda. Seg\u00fan [&hellip;]<\/p>\n","protected":false},"author":3,"featured_media":1297,"comment_status":"open","ping_status":"open","sticky":false,"template":"","format":"standard","meta":{"_et_pb_use_builder":"","_et_pb_old_content":"","_et_gb_content_width":"","footnotes":""},"categories":[4],"tags":[1115,1114,1112,1113],"class_list":["post-1296","post","type-post","status-publish","format-standard","has-post-thumbnail","hentry","category-noticia","tag-conserva-santona","tag-explosion-conserva","tag-incendio-en-santona","tag-incendio-en-santona-hoy"],"_links":{"self":[{"href":"https:\/\/www.seguros-empresas.es\/blog\/wp-json\/wp\/v2\/posts\/1296","targetHints":{"allow":["GET"]}}],"collection":[{"href":"https:\/\/www.seguros-empresas.es\/blog\/wp-json\/wp\/v2\/posts"}],"about":[{"href":"https:\/\/www.seguros-empresas.es\/blog\/wp-json\/wp\/v2\/types\/post"}],"author":[{"embeddable":true,"href":"https:\/\/www.seguros-empresas.es\/blog\/wp-json\/wp\/v2\/users\/3"}],"replies":[{"embeddable":true,"href":"https:\/\/www.seguros-empresas.es\/blog\/wp-json\/wp\/v2\/comments?post=1296"}],"version-history":[{"count":1,"href":"https:\/\/www.seguros-empresas.es\/blog\/wp-json\/wp\/v2\/posts\/1296\/revisions"}],"predecessor-version":[{"id":1298,"href":"https:\/\/www.seguros-empresas.es\/blog\/wp-json\/wp\/v2\/posts\/1296\/revisions\/1298"}],"wp:featuredmedia":[{"embeddable":true,"href":"https:\/\/www.seguros-empresas.es\/blog\/wp-json\/wp\/v2\/media\/1297"}],"wp:attachment":[{"href":"https:\/\/www.seguros-empresas.es\/blog\/wp-json\/wp\/v2\/media?parent=1296"}],"wp:term":[{"taxonomy":"category","embeddable":true,"href":"https:\/\/www.seguros-empresas.es\/blog\/wp-json\/wp\/v2\/categories?post=1296"},{"taxonomy":"post_tag","embeddable":true,"href":"https:\/\/www.seguros-empresas.es\/blog\/wp-json\/wp\/v2\/tags?post=1296"}],"curies":[{"name":"wp","href":"https:\/\/api.w.org\/{rel}","templated":true}]}}