{"id":372,"date":"2019-03-28T02:57:56","date_gmt":"2019-03-28T00:57:56","guid":{"rendered":"https:\/\/www.seguros-empresas.es\/blog\/?p=372"},"modified":"2019-04-03T02:59:47","modified_gmt":"2019-04-03T00:59:47","slug":"bkt-se-asocia-con-los-valores-del-deporte","status":"publish","type":"post","link":"https:\/\/www.seguros-empresas.es\/blog\/bkt-se-asocia-con-los-valores-del-deporte\/03\/2019\/","title":{"rendered":"BKT se asocia con los valores del deporte"},"content":{"rendered":"<p>La empresa multinacional BKT estren\u00f3 video dedicado al deporte.\u00a0 Lo mostr\u00f3 en la feria internacional SIMA 2019, donde afirm\u00f3 su compromiso con los valores que enaltecen a la sociedad. Estuvo presente Youri Djorkaeff, campe\u00f3n mundial de f\u00fatbol franc\u00e9s.<\/p>\n<p>El video muestran atletas de diferentes disciplinas deportivas jugando en veh\u00edculos agr\u00edcolas, industriales y OTR. todos equipados con neum\u00e1ticos BKT. Hacen acrobacias y se mantienen saltando de un veh\u00edculo a otro.<\/p>\n<p>Con el video se pretende asociar de forma simb\u00f3lica, las diferentes disciplinas deportivas que patrocina BKT, con los veh\u00edculos conducidos por sus usuarios.<\/p>\n<p><strong>BKT hace homenaje al duro trabajo que significa llegar a ser campeones. Es un mensaje que trasmite que \u201cdiferentes deportes y \u00e1mbitos se encuentran para formar un equipo\u201d. <\/strong><\/p>\n<p>La presencia del campe\u00f3n mundial de f\u00fatbol, fortaleci\u00f3 y sell\u00f3 el acuerdo entre BKT y la Liga de F\u00fatbol Profesional francesa. A partir de ahora la Copa de la Liga se llamar\u00e1, \u201cCoupe de la Ligue BKT\u201d.<\/p>\n<blockquote><p>Recuerde contratar siempre el mejor <a href=\"https:\/\/seguros-de-pyme.seguros-generales.es\/\" target=\"_blank\" rel=\"noopener\">seguro de empresas<\/a>.<\/p><\/blockquote>\n<p>Iya Traor\u00e9, estuvo presente en SIMA lo cual afianz\u00f3 la relaci\u00f3n de BKT con el f\u00fatbol\u00a0 freestyle. Es un invitado especial oficial a nivel mundial, en todos los principales eventos. Tambi\u00e9n\u00a0 distribuci\u00f3n gran cantidad de balones de f\u00fatbol a todos los visitantes a la feria internacional SIMA.<\/p>\n<p>La empresa multinacional de origen hind\u00fa, patrocin\u00f3 el campeonato de la Serie B italiana, de los neum\u00e1ticos de las exhibiciones de Monster Jam, y de varios equipos de la VIVO Pro Kibaddi League de la India. Son varios ejemplos de c\u00f3mo la multinacional patrocina el deporte.<\/p>\n<div id=\"ez-toc-container\" class=\"ez-toc-v2_0_82_2 counter-hierarchy ez-toc-counter ez-toc-grey ez-toc-container-direction\">\n<div class=\"ez-toc-title-container\">\n<p class=\"ez-toc-title\" style=\"cursor:inherit\">Table of Contents<\/p>\n<span class=\"ez-toc-title-toggle\"><a href=\"#\" class=\"ez-toc-pull-right ez-toc-btn ez-toc-btn-xs ez-toc-btn-default ez-toc-toggle\" aria-label=\"Alternar tabla de contenidos\"><span class=\"ez-toc-js-icon-con\"><span class=\"\"><span class=\"eztoc-hide\" style=\"display:none;\">Toggle<\/span><span class=\"ez-toc-icon-toggle-span\"><svg style=\"fill: #999;color:#999\" xmlns=\"http:\/\/www.w3.org\/2000\/svg\" class=\"list-377408\" width=\"20px\" height=\"20px\" viewBox=\"0 0 24 24\" fill=\"none\"><path d=\"M6 6H4v2h2V6zm14 0H8v2h12V6zM4 11h2v2H4v-2zm16 0H8v2h12v-2zM4 16h2v2H4v-2zm16 0H8v2h12v-2z\" fill=\"currentColor\"><\/path><\/svg><svg style=\"fill: #999;color:#999\" class=\"arrow-unsorted-368013\" xmlns=\"http:\/\/www.w3.org\/2000\/svg\" width=\"10px\" height=\"10px\" viewBox=\"0 0 24 24\" version=\"1.2\" baseProfile=\"tiny\"><path d=\"M18.2 9.3l-6.2-6.3-6.2 6.3c-.2.2-.3.4-.3.7s.1.5.3.7c.2.2.4.3.7.3h11c.3 0 .5-.1.7-.3.2-.2.3-.5.3-.7s-.1-.5-.3-.7zM5.8 14.7l6.2 6.3 6.2-6.3c.2-.2.3-.5.3-.7s-.1-.5-.3-.7c-.2-.2-.4-.3-.7-.3h-11c-.3 0-.5.1-.7.3-.2.2-.3.5-.3.7s.1.5.3.7z\"\/><\/svg><\/span><\/span><\/span><\/a><\/span><\/div>\n<nav><ul class='ez-toc-list ez-toc-list-level-1 ' ><li class='ez-toc-page-1 ez-toc-heading-level-2'><a class=\"ez-toc-link ez-toc-heading-1\" href=\"https:\/\/www.seguros-empresas.es\/blog\/bkt-se-asocia-con-los-valores-del-deporte\/03\/2019\/#Responsabilidad_ambiental_y_social_de_BKT\" >Responsabilidad ambiental y social de BKT<\/a><\/li><li class='ez-toc-page-1 ez-toc-heading-level-2'><a class=\"ez-toc-link ez-toc-heading-2\" href=\"https:\/\/www.seguros-empresas.es\/blog\/bkt-se-asocia-con-los-valores-del-deporte\/03\/2019\/#Objetivos_y_metas_de_BKT\" >Objetivos y metas de BKT<\/a><\/li><\/ul><\/nav><\/div>\n<h2><span class=\"ez-toc-section\" id=\"Responsabilidad_ambiental_y_social_de_BKT\"><\/span><strong>Responsabilidad ambiental y social de BKT<\/strong><span class=\"ez-toc-section-end\"><\/span><\/h2>\n<p>Cabe destacar que BKT no solo patrocina el deporte y sus eventos. Va un poco m\u00e1s all\u00e1. <strong>Adopt\u00f3 una filosof\u00eda basada en la responsabilidad social y ambiental.<\/strong> Tal es el caso \u00a0de BKT Foundation. Es una fundaci\u00f3n creada para ni\u00f1os y j\u00f3venes abandonados.<\/p>\n<p>Es uno de los proyectos m\u00e1s importantes desarrollados en la India por esta prestigiosa empresa. <strong>Los ni\u00f1os y j\u00f3venes desamparados cuentan con cobertura sanitaria y educaci\u00f3n<\/strong>. La fundaci\u00f3n tambi\u00e9n tiene una cocina comunitaria inaugurada en la planta de Bhuj. All\u00ed se <strong>brinda alimentos a 50.000 estudiantes de las escuelas locales.<\/strong><\/p>\n<p>Asimismo, en otras partes del mundo tambi\u00e9n est\u00e1 llevando a cabo proyectos solidarios. Por ejemplo, en \u00a0Sud\u00e1frica colabor\u00f3 con la organizaci\u00f3n sanitaria Amref, cuando se organiz\u00f3 el paso de la caravana Xtractor.<\/p>\n<p>Por otro lado, en el \u00e1mbito medioambiental, <strong>BKT comienza a trabajar con\u00a0 tecnolog\u00eda verde.<\/strong> La empresa iniciar\u00e1 pruebas, el pr\u00f3ximo\u00a0 mes de octubre, con los\u00a0nuevos procesos de\u00a0compounding.\u00a0 Utilizar\u00e1 goma TKS, que es una alternativa sostenible y renovable al caucho natural. Esto es posible, gracias al acuerdo firmado con Kultevat.<\/p>\n<p>Cabe decir, que Kultevat es una sociedad americana, que est\u00e1 especializada en el uso de tecnolog\u00eda verde.\u00a0 Con este acuerdo de investigaci\u00f3n conjunta BKT dejar\u00e1 una huella en el medio ambiental.<\/p>\n<h2><span class=\"ez-toc-section\" id=\"Objetivos_y_metas_de_BKT\"><\/span><strong>Objetivos y metas de BKT<\/strong><span class=\"ez-toc-section-end\"><\/span><\/h2>\n<p>El CEO de BKT, Arvin Poddar, \u00a0remarc\u00f3 el proyecto de la compa\u00f1\u00eda a medio plazo. Y afirm\u00f3 que tienen como objetivo <strong>potenciar cada vez\u00a0 m\u00e1s, un perfil industrial competitivo.<\/strong> Estiman aumentar su cuota en el mercado de los neum\u00e1ticos Off-Highway, del 6% global actualmente, al 10% antes de finalizar el 2025.<\/p>\n<p>Para lograr sus objetivos y metas planteadas cuenta con la nueva planta en Estados Unidos. Es la primera planta de BKT que no se encuentra en la India. Tiene una capacidad de 20.000 Mt y seg\u00fan indic\u00f3 Poddar, esperan tenerla lista antes de abril del 2021.<\/p>\n<p>Tambi\u00e9n est\u00e1 dentro de sus objetivos, ampliar su gama de productos. En este sentido afirm\u00f3 \u00a0\u00ab<strong>Nuestro objetivo es seguir aumentando nuestra gama siempre con la tecnolog\u00eda como punta de lanza\u00bb.<\/strong> Por ejemplo, fabricaci\u00f3n independiente de Carbon Black y de algunas materias primas nuevas. Asimismo, la introducci\u00f3n de medidas &#8216;Giant&#8217; tambi\u00e9n en la gama para el sector agr\u00edcola.<\/p>\n<p>Arvin Poddar,\u00a0 expuso como ejemplo y novedad mundial en SIMA, la nueva medida de Agrimax Force, IF 750\/75 R 46. Es el nuevo neum\u00e1tico de BKT, con 2,30 metros de di\u00e1metro. Es el neum\u00e1tico m\u00e1s grande fabricado por la empresa hasta los momentos, en la gama de neum\u00e1ticos agr\u00edcolas radiales.<\/p>\n<p><strong>Es una combinaci\u00f3n \u00fanica de resistencia, flexibilidad, eficiencia y productividad<\/strong>. Es adem\u00e1s un neum\u00e1tico de \u00faltima generaci\u00f3n. Con todas las caracter\u00edsticas para equipar tractores de alta potencia de m\u00e1s de 250 caballos.<\/p>\n<p>Tambi\u00e9n se expuso la \u00faltima versi\u00f3n del neum\u00e1tico FL 630 Super en la gama agr\u00edcola. Fabricado con la mezcla HD y nuevas medidas, 710\/70 R 42 para Ridemax IT 697 M+S.<\/p>\n<blockquote><p>Recuerde utilizar siempre el mejor <a href=\"https:\/\/www.seguros-empresas.es\/empresas.html\">comparador de seguro de empresas<\/a> al contratar su seguro.<\/p><\/blockquote>\n","protected":false},"excerpt":{"rendered":"<p>La empresa multinacional BKT estren\u00f3 video dedicado al deporte.\u00a0 Lo mostr\u00f3 en la feria internacional SIMA 2019, donde afirm\u00f3 su compromiso con los valores que enaltecen a la sociedad. Estuvo presente Youri Djorkaeff, campe\u00f3n mundial de f\u00fatbol franc\u00e9s. El video muestran atletas de diferentes disciplinas deportivas jugando en veh\u00edculos agr\u00edcolas, industriales y OTR. todos equipados [&hellip;]<\/p>\n","protected":false},"author":1,"featured_media":373,"comment_status":"open","ping_status":"open","sticky":false,"template":"","format":"standard","meta":{"_et_pb_use_builder":"","_et_pb_old_content":"","_et_gb_content_width":"","footnotes":""},"categories":[43,4],"tags":[76,78,45,77],"class_list":["post-372","post","type-post","status-publish","format-standard","has-post-thumbnail","hentry","category-empresas","category-noticia","tag-bkt","tag-comparador-de-seguro-de-empresas","tag-empresas","tag-seguro-de-empresas"],"_links":{"self":[{"href":"https:\/\/www.seguros-empresas.es\/blog\/wp-json\/wp\/v2\/posts\/372","targetHints":{"allow":["GET"]}}],"collection":[{"href":"https:\/\/www.seguros-empresas.es\/blog\/wp-json\/wp\/v2\/posts"}],"about":[{"href":"https:\/\/www.seguros-empresas.es\/blog\/wp-json\/wp\/v2\/types\/post"}],"author":[{"embeddable":true,"href":"https:\/\/www.seguros-empresas.es\/blog\/wp-json\/wp\/v2\/users\/1"}],"replies":[{"embeddable":true,"href":"https:\/\/www.seguros-empresas.es\/blog\/wp-json\/wp\/v2\/comments?post=372"}],"version-history":[{"count":0,"href":"https:\/\/www.seguros-empresas.es\/blog\/wp-json\/wp\/v2\/posts\/372\/revisions"}],"wp:featuredmedia":[{"embeddable":true,"href":"https:\/\/www.seguros-empresas.es\/blog\/wp-json\/wp\/v2\/media\/373"}],"wp:attachment":[{"href":"https:\/\/www.seguros-empresas.es\/blog\/wp-json\/wp\/v2\/media?parent=372"}],"wp:term":[{"taxonomy":"category","embeddable":true,"href":"https:\/\/www.seguros-empresas.es\/blog\/wp-json\/wp\/v2\/categories?post=372"},{"taxonomy":"post_tag","embeddable":true,"href":"https:\/\/www.seguros-empresas.es\/blog\/wp-json\/wp\/v2\/tags?post=372"}],"curies":[{"name":"wp","href":"https:\/\/api.w.org\/{rel}","templated":true}]}}