{"id":418,"date":"2019-04-29T23:10:00","date_gmt":"2019-04-29T21:10:00","guid":{"rendered":"https:\/\/www.seguros-empresas.es\/blog\/?p=418"},"modified":"2019-05-06T23:12:14","modified_gmt":"2019-05-06T21:12:14","slug":"accidentes-laborales","status":"publish","type":"post","link":"https:\/\/www.seguros-empresas.es\/blog\/accidentes-laborales\/04\/2019\/","title":{"rendered":"Accidentes laborales"},"content":{"rendered":"<p>El saldo de 82 muertos el a\u00f1o pasado indica que en Catalu\u00f1a siguen aumentando los accidentes laborales. Esta tendencia se ha mantenido desde el 2013, y en el 2018 la siniestralidad laboral lleg\u00f3 a los 242.083 accidentes. Cifra que representa el 1,66% de incremento con relaci\u00f3n al a\u00f1o anterior.<\/p>\n<p>Para el sindicato de trabajadores de la UGT, este aumento se debe a la falta de prevenci\u00f3n y el trabajo en condiciones precarias. En el 2018, 60 personas fallecieron en sus puestos laborales, 10% m\u00e1s que el a\u00f1o anterior. Adem\u00e1s, 22 perdieron la vida durante su traslado hacia o desde el trabajo.<\/p>\n<p>Nuria Gilgado la secretaria de la UGT de Catalu\u00f1a considera que el a\u00f1o pasado fue dram\u00e1tico y que debe cambiar. Asegura que las condiciones precarias de trabajo es la culpable de la muerte y enfermedades laborales.<\/p>\n<p>De los 243.083 accidentes de trabajo:<\/p>\n<ul>\n<li>695 fueron con baja, incrementando el 3,82%<\/li>\n<li>735 terminaron sin baja.<\/li>\n<\/ul>\n<p>Ocurrieron 19.653 accidentes en el trayecto de ida o vuelta del trabajo frente a los 18.554 del a\u00f1o anterior. Representado el aumento del 5,92%. Tambi\u00e9n se concluy\u00f3 que, los empleados con puesto fijo o indeterminado, sufrieron m\u00e1s accidentes que los de contrato eventual.<\/p>\n<blockquote><p>Contrate siempre el mejor <a href=\"https:\/\/www.seguros-empresas.es\">seguro de empresas<\/a> para proteger su inversi\u00f3n<\/p><\/blockquote>\n<div id=\"ez-toc-container\" class=\"ez-toc-v2_0_82_2 counter-hierarchy ez-toc-counter ez-toc-grey ez-toc-container-direction\">\n<div class=\"ez-toc-title-container\">\n<p class=\"ez-toc-title\" style=\"cursor:inherit\">Table of Contents<\/p>\n<span class=\"ez-toc-title-toggle\"><a href=\"#\" class=\"ez-toc-pull-right ez-toc-btn ez-toc-btn-xs ez-toc-btn-default ez-toc-toggle\" aria-label=\"Alternar tabla de contenidos\"><span class=\"ez-toc-js-icon-con\"><span class=\"\"><span class=\"eztoc-hide\" style=\"display:none;\">Toggle<\/span><span class=\"ez-toc-icon-toggle-span\"><svg style=\"fill: #999;color:#999\" xmlns=\"http:\/\/www.w3.org\/2000\/svg\" class=\"list-377408\" width=\"20px\" height=\"20px\" viewBox=\"0 0 24 24\" fill=\"none\"><path d=\"M6 6H4v2h2V6zm14 0H8v2h12V6zM4 11h2v2H4v-2zm16 0H8v2h12v-2zM4 16h2v2H4v-2zm16 0H8v2h12v-2z\" fill=\"currentColor\"><\/path><\/svg><svg style=\"fill: #999;color:#999\" class=\"arrow-unsorted-368013\" xmlns=\"http:\/\/www.w3.org\/2000\/svg\" width=\"10px\" height=\"10px\" viewBox=\"0 0 24 24\" version=\"1.2\" baseProfile=\"tiny\"><path d=\"M18.2 9.3l-6.2-6.3-6.2 6.3c-.2.2-.3.4-.3.7s.1.5.3.7c.2.2.4.3.7.3h11c.3 0 .5-.1.7-.3.2-.2.3-.5.3-.7s-.1-.5-.3-.7zM5.8 14.7l6.2 6.3 6.2-6.3c.2-.2.3-.5.3-.7s-.1-.5-.3-.7c-.2-.2-.4-.3-.7-.3h-11c-.3 0-.5.1-.7.3-.2.2-.3.5-.3.7s.1.5.3.7z\"\/><\/svg><\/span><\/span><\/span><\/a><\/span><\/div>\n<nav><ul class='ez-toc-list ez-toc-list-level-1 ' ><li class='ez-toc-page-1 ez-toc-heading-level-2'><a class=\"ez-toc-link ez-toc-heading-1\" href=\"https:\/\/www.seguros-empresas.es\/blog\/accidentes-laborales\/04\/2019\/#Conclusiones_preliminares\" >Conclusiones preliminares<\/a><\/li><li class='ez-toc-page-1 ez-toc-heading-level-2'><a class=\"ez-toc-link ez-toc-heading-2\" href=\"https:\/\/www.seguros-empresas.es\/blog\/accidentes-laborales\/04\/2019\/#Accidentes_por_sector_laboral\" >Accidentes por sector laboral<\/a><\/li><li class='ez-toc-page-1 ez-toc-heading-level-2'><a class=\"ez-toc-link ez-toc-heading-3\" href=\"https:\/\/www.seguros-empresas.es\/blog\/accidentes-laborales\/04\/2019\/#Accidente_laboral_Sindrome_de_sensibilidad_quimica\" >Accidente laboral: S\u00edndrome de sensibilidad qu\u00edmica<\/a><\/li><\/ul><\/nav><\/div>\n<h2><span class=\"ez-toc-section\" id=\"Conclusiones_preliminares\"><\/span>Conclusiones preliminares<span class=\"ez-toc-section-end\"><\/span><\/h2>\n<p>Todas estas conclusiones solo representan una muestra de la realidad laboral, seg\u00fan indica el sindicato mencionado. Ya que existen empresas que no declaran los accidentes, eluden las responsabilidades desvi\u00e1ndolas al sistema p\u00fablico de salud. Intentando responsabilizar a otros las lesiones originadas en el sitio de trabajo, a la vez que dificultan el acceso a la atenci\u00f3n sanitaria.<\/p>\n<p>Otras empresas culpan de la siniestralidad a la expansi\u00f3n del comercio electr\u00f3nico y sus consecuentes repartidores a domicilio. Se encargan de alertar que los innovadores modelos de negocio est\u00e1n provocando un feudalismo digital. Lo que aumenta la precariedad laboral y auge de los falsos aut\u00f3nomos.<\/p>\n<p>Por su parte, la UGT se\u00f1ala que estas son las empresas que sufren una mayor probabilidad de accidentes laborales. En especial los riesgos psicosociales generados por el permanente control del trabajo y la presi\u00f3n para conservarlo.<\/p>\n<h2><span class=\"ez-toc-section\" id=\"Accidentes_por_sector_laboral\"><\/span>Accidentes por sector laboral<span class=\"ez-toc-section-end\"><\/span><\/h2>\n<p>El sector de prestaci\u00f3n de servicios fue el m\u00e1s expuesto a siniestros. En \u00e9stos hubo 61.292 accidentes con baja representando el 64,72% del total. Incrementando el 2,93% en comparaci\u00f3n con el 2017.<\/p>\n<p>Despu\u00e9s, se ubica el sector industrial con el 22,82% de los accidentes laborales con baja, aumentando el 4,93%.<\/p>\n<p>Los accidentes del sector construcci\u00f3n mostraron el mayor aumento de todos los sectores con el 10%. Aunque solo hubo 10.414 accidentes con bajas y represent\u00f3 solo el 11% del total.<\/p>\n<p>La \u00fanica \u00e1rea laboral que mostr\u00f3 disminuci\u00f3n de accidentes fue el de la agricultura. El a\u00f1o pasado mostro el 3,24% menos que el a\u00f1o anterior.<\/p>\n<h2><span class=\"ez-toc-section\" id=\"Accidente_laboral_Sindrome_de_sensibilidad_quimica\"><\/span>Accidente laboral: S\u00edndrome de sensibilidad qu\u00edmica<span class=\"ez-toc-section-end\"><\/span><\/h2>\n<p>Debido a una sentencia, la sensibilidad qu\u00edmica queda confirmada como accidente laboral. Luego de que una trabajadora de la Xunta desarrollara una enfermedad ocasionada por el contacto con productos de limpieza.<\/p>\n<p>La primera sala de lo contencioso-administrativo del TSXG (Tribunal Superior de la Xustiza de Galicia) le dio reconocimiento legal. La misma desestim\u00f3 la apelaci\u00f3n contra las primeras sentencias de la Comunidad aut\u00f3noma<\/p>\n<p>El informe de prevenci\u00f3n de riesgos laborales de la Xunta, reflej\u00f3 el uso de amon\u00edaco y lej\u00eda para la limpieza de las oficinas. Esta combinaci\u00f3n ocasionaba molestias en los trabajadores sensibles a agentes qu\u00edmicos.<\/p>\n<p>El fallo del tribunal considera que hay justificaci\u00f3n en la cr\u00edtica efectuada por la trabajadora en el informe t\u00e9cnico de prevenci\u00f3n. Se\u00f1al\u00f3 el descuido ya que la baja por incapacidad laboral se efectu\u00f3 tres meses antes de la Inspecci\u00f3n de Trabajo, en junio del 2017.<\/p>\n<p>El fallo dictado en septiembre del 2018 por el juzgado N\u00famero 1 de lo Contencioso en Ourense acredit\u00f3 a la demandante. Ella desarroll\u00f3 su enfermedad en su puesto de trabajo debido al contacto con los qu\u00edmicos a la que fue expuesta.<\/p>\n<p>Esta m\u00e1xima, revoc\u00f3 la resoluci\u00f3n de la Conselleria de Pol\u00edtica social que hab\u00eda determinado que se trataba de una enfermedad com\u00fan. El TSXG estim\u00f3 que la dama presentaba un s\u00edndrome de sensibilidad qu\u00edmica m\u00faltiple que provoc\u00f3 su baja.<\/p>\n<p>Esto se debi\u00f3 a que en el lugar de trabajo definitivamente exist\u00edan sustancias que desencadenaban respuestas sintomatol\u00f3gicas. Una conclusi\u00f3n obtenida, despu\u00e9s de que se practicaron determinadas pruebas. La sentencia destac\u00f3 que hubo precedentes en otras empleadas, con suficientes pruebas como para extremar la evaluaci\u00f3n de riesgos qu\u00edmicos.<\/p>\n<blockquote><p>Utilice siempre el mejor <a href=\"https:\/\/seguros-de-pyme.seguros-generales.es\/\" target=\"_blank\" rel=\"noopener\">comparador de seguros de empresas<\/a> al contratar el seguro de su empresa<\/p><\/blockquote>\n","protected":false},"excerpt":{"rendered":"<p>El saldo de 82 muertos el a\u00f1o pasado indica que en Catalu\u00f1a siguen aumentando los accidentes laborales. Esta tendencia se ha mantenido desde el 2013, y en el 2018 la siniestralidad laboral lleg\u00f3 a los 242.083 accidentes. Cifra que representa el 1,66% de incremento con relaci\u00f3n al a\u00f1o anterior. Para el sindicato de trabajadores de [&hellip;]<\/p>\n","protected":false},"author":1,"featured_media":420,"comment_status":"open","ping_status":"open","sticky":false,"template":"","format":"standard","meta":{"_et_pb_use_builder":"","_et_pb_old_content":"","_et_gb_content_width":"","footnotes":""},"categories":[13],"tags":[162,80],"class_list":["post-418","post","type-post","status-publish","format-standard","has-post-thumbnail","hentry","category-accidentes","tag-accidentes-laborales","tag-seguros-de-empresas"],"_links":{"self":[{"href":"https:\/\/www.seguros-empresas.es\/blog\/wp-json\/wp\/v2\/posts\/418","targetHints":{"allow":["GET"]}}],"collection":[{"href":"https:\/\/www.seguros-empresas.es\/blog\/wp-json\/wp\/v2\/posts"}],"about":[{"href":"https:\/\/www.seguros-empresas.es\/blog\/wp-json\/wp\/v2\/types\/post"}],"author":[{"embeddable":true,"href":"https:\/\/www.seguros-empresas.es\/blog\/wp-json\/wp\/v2\/users\/1"}],"replies":[{"embeddable":true,"href":"https:\/\/www.seguros-empresas.es\/blog\/wp-json\/wp\/v2\/comments?post=418"}],"version-history":[{"count":0,"href":"https:\/\/www.seguros-empresas.es\/blog\/wp-json\/wp\/v2\/posts\/418\/revisions"}],"wp:featuredmedia":[{"embeddable":true,"href":"https:\/\/www.seguros-empresas.es\/blog\/wp-json\/wp\/v2\/media\/420"}],"wp:attachment":[{"href":"https:\/\/www.seguros-empresas.es\/blog\/wp-json\/wp\/v2\/media?parent=418"}],"wp:term":[{"taxonomy":"category","embeddable":true,"href":"https:\/\/www.seguros-empresas.es\/blog\/wp-json\/wp\/v2\/categories?post=418"},{"taxonomy":"post_tag","embeddable":true,"href":"https:\/\/www.seguros-empresas.es\/blog\/wp-json\/wp\/v2\/tags?post=418"}],"curies":[{"name":"wp","href":"https:\/\/api.w.org\/{rel}","templated":true}]}}