{"id":452,"date":"2019-07-10T03:08:03","date_gmt":"2019-07-10T01:08:03","guid":{"rendered":"https:\/\/www.seguros-empresas.es\/blog\/?p=452"},"modified":"2019-07-16T03:16:33","modified_gmt":"2019-07-16T01:16:33","slug":"impulso-al-desarrollo-social-en-latinoamerica","status":"publish","type":"post","link":"https:\/\/www.seguros-empresas.es\/blog\/impulso-al-desarrollo-social-en-latinoamerica\/07\/2019\/","title":{"rendered":"Impulso al desarrollo social en Latinoam\u00e9rica"},"content":{"rendered":"<p>ICEX Espa\u00f1a Exportaci\u00f3n e Inversiones y la Fundaci\u00f3n Microfinanzas BBVA colaboran para dar impulso al desarrollo latinoamericano.<\/p>\n<p>Como es de conocimiento p\u00fablico la ICEX es una entidad p\u00fablica estatal espa\u00f1ola que busca promover la internacionalizaci\u00f3n de las empresas. Est\u00e1 adscrita al <strong>Ministerio de Industria, Comercio y Turismo desde el 2017.<\/strong><\/p>\n<p>Con este acuerdo, lograr\u00e1 adem\u00e1s un impacto social. Dando especial inter\u00e9s a los emprendedores mas vulnerables atendidos por la Fundaci\u00f3n Microfinanzas BBVA en Am\u00e9rica Latina<\/p>\n<p>La colaboraci\u00f3n est\u00e1 enfocada en el desarrollo de los negocios inclusivo y sostenibles. Incorporando valor a los grupos vulnerables tales como los clientes, distribuidores, proveedores y empleaos. En pro de la generaci\u00f3n de una mejora en la calidad de vida de los colectivos involucrados.<\/p>\n<p>Este acuerdo forma parte del programa \u201cIMPACT+\u201d cuya iniciativa es de ICEX. En el marco de convertir la colaboraci\u00f3n, innovaci\u00f3n y sostenibilidad en herramientas de internacionalizaci\u00f3n, as\u00ed como tambi\u00e9n mecanismos de inclusi\u00f3n.<\/p>\n<p>El convenio apoyar\u00e1 la vinculaci\u00f3n de las empresas en su b\u00fasqueda de lograr un mayor impacto social. Es la misma intenci\u00f3n que ha venido impulsando la <strong>Fundaci\u00f3n Microfinanzas BBVA atendiendo emprendedores de pocos recursos en Am\u00e9rica Latina.<\/strong><\/p>\n<p>Adicionalmente participaran en actividades de la ICEX en sus pa\u00edses para intensificar los dise\u00f1os de modelos de negocios innovadores. Estos tambi\u00e9n responder\u00e1n a los retos que presentan el desarrollo de emprendimientos sostenibles.<\/p>\n<p>Mar\u00eda Pe\u00f1a, la consejera delegada de ICEX, alude a que el sector privado adem\u00e1s de ser financiador es un importante agente de desarrollo. Adem\u00e1s, el desarrollo sostenible imprime retos a nivel mundial que exigen respuestas a su mismo nivel. Para ello es necesario la colaboraci\u00f3n de las empresas, gobiernos y el resto de la sociedad.<\/p>\n<blockquote><p>Recuerde contratar el mejor <a href=\"https:\/\/www.seguros-empresas.es\">seguro de empresas<\/a> para proteger su empresa por completo<\/p><\/blockquote>\n<div id=\"ez-toc-container\" class=\"ez-toc-v2_0_82_2 counter-hierarchy ez-toc-counter ez-toc-grey ez-toc-container-direction\">\n<div class=\"ez-toc-title-container\">\n<p class=\"ez-toc-title\" style=\"cursor:inherit\">Table of Contents<\/p>\n<span class=\"ez-toc-title-toggle\"><a href=\"#\" class=\"ez-toc-pull-right ez-toc-btn ez-toc-btn-xs ez-toc-btn-default ez-toc-toggle\" aria-label=\"Alternar tabla de contenidos\"><span class=\"ez-toc-js-icon-con\"><span class=\"\"><span class=\"eztoc-hide\" style=\"display:none;\">Toggle<\/span><span class=\"ez-toc-icon-toggle-span\"><svg style=\"fill: #999;color:#999\" xmlns=\"http:\/\/www.w3.org\/2000\/svg\" class=\"list-377408\" width=\"20px\" height=\"20px\" viewBox=\"0 0 24 24\" fill=\"none\"><path d=\"M6 6H4v2h2V6zm14 0H8v2h12V6zM4 11h2v2H4v-2zm16 0H8v2h12v-2zM4 16h2v2H4v-2zm16 0H8v2h12v-2z\" fill=\"currentColor\"><\/path><\/svg><svg style=\"fill: #999;color:#999\" class=\"arrow-unsorted-368013\" xmlns=\"http:\/\/www.w3.org\/2000\/svg\" width=\"10px\" height=\"10px\" viewBox=\"0 0 24 24\" version=\"1.2\" baseProfile=\"tiny\"><path d=\"M18.2 9.3l-6.2-6.3-6.2 6.3c-.2.2-.3.4-.3.7s.1.5.3.7c.2.2.4.3.7.3h11c.3 0 .5-.1.7-.3.2-.2.3-.5.3-.7s-.1-.5-.3-.7zM5.8 14.7l6.2 6.3 6.2-6.3c.2-.2.3-.5.3-.7s-.1-.5-.3-.7c-.2-.2-.4-.3-.7-.3h-11c-.3 0-.5.1-.7.3-.2.2-.3.5-.3.7s.1.5.3.7z\"\/><\/svg><\/span><\/span><\/span><\/a><\/span><\/div>\n<nav><ul class='ez-toc-list ez-toc-list-level-1 ' ><li class='ez-toc-page-1 ez-toc-heading-level-2'><a class=\"ez-toc-link ez-toc-heading-1\" href=\"https:\/\/www.seguros-empresas.es\/blog\/impulso-al-desarrollo-social-en-latinoamerica\/07\/2019\/#Fundacion_Microfinanzas_BBVA\" >Fundaci\u00f3n Microfinanzas BBVA<\/a><\/li><li class='ez-toc-page-1 ez-toc-heading-level-2'><a class=\"ez-toc-link ez-toc-heading-2\" href=\"https:\/\/www.seguros-empresas.es\/blog\/impulso-al-desarrollo-social-en-latinoamerica\/07\/2019\/#Promocion_de_alimentos_en_Serbia\" >Promoci\u00f3n de alimentos en Serbia<\/a><\/li><\/ul><\/nav><\/div>\n<h2><span class=\"ez-toc-section\" id=\"Fundacion_Microfinanzas_BBVA\"><\/span><strong>Fundaci\u00f3n Microfinanzas BBVA<\/strong><span class=\"ez-toc-section-end\"><\/span><\/h2>\n<p>La Fundaci\u00f3n <strong>Microfinanzas BBVA <\/strong>est\u00e1 atendiendo a mas de dos millones de emprendedores de escasos recursos en 5 pa\u00edses. A los que apoya con cuentas de ahorro, microcr\u00e9ditos y capacitaci\u00f3n financiera y formaci\u00f3n laboral. En los \u00faltimos doce a\u00f1os la instituci\u00f3n ha suministrado 12 mil millones de d\u00f3lares en cr\u00e9ditos por medio de sus entidades.<\/p>\n<p><strong>En este hilo de ideas ICEX est\u00e1 en sincron\u00eda con la agenda 2030 para dar m\u00e1s oportunidades. Adem\u00e1s de crear responsabilidades en el mismo centro estrat\u00e9gico de los negocios de las empresas. En vista de ello, usar la innovaci\u00f3n como factor diferencial y veh\u00edculo conductor de competitividad internacional.<\/strong><\/p>\n<p>Igualmente, <strong>Javier M. Flores director general de la FMBBVA insisti\u00f3 en el compromiso compartido en los Objetivos de Desarrollo Sostenible. As\u00ed como el poder de las alianzas para alcanzar las metas lo antes posible.<\/strong><\/p>\n<p><strong>Como ya se coment\u00f3 la fundaci\u00f3n lleva m\u00e1s de diez a\u00f1os trabajando para avalar la equidad de oportunidades. Lo ha hecho por medio de la inclusi\u00f3n financiera, en franca promoci\u00f3n del desarrollo sostenible y aumentar el impacto llegando al mayor numero de personas.<\/strong><\/p>\n<blockquote><p>Revise ahora los mejores <a href=\"https:\/\/www.seguroslowcost.es\/seguros-comercios-lowcost.html\" target=\"_blank\" rel=\"noopener\">seguros de empresas low cost<\/a> para asegurarse de realizar la mejor elecci\u00f3n en seguro.<\/p><\/blockquote>\n<h2><span class=\"ez-toc-section\" id=\"Promocion_de_alimentos_en_Serbia\"><\/span><strong>Promoci\u00f3n de alimentos en Serbia<\/strong><span class=\"ez-toc-section-end\"><\/span><\/h2>\n<p>En el mismo orden de ideas de la internacionalizaci\u00f3n de las empresas, ICEX promocionar\u00e1 alimentos espa\u00f1oles en territorio serbio. En conjunto con la Oficina Econ\u00f3mica y Comercial de la Embajada de Espa\u00f1a en Belgrado y METRO CASH&amp;CARRY Serbia.<\/p>\n<p>El objetivo es permitir a los exportadores espa\u00f1oles una eventual colaboraci\u00f3n con esta cadena. Para fomentar la inclusi\u00f3n de los alimentos espa\u00f1oles como el AOVE en el mercado de Serbia. La convocatoria a la participaci\u00f3n permanece abierta hasta el quince de este mes.<\/p>\n<p>En el mismo se presentar\u00e1 la degustaci\u00f3n de alimentos enfocada en el p\u00fablico especializado y clientes de METRO. Entre los cuales est\u00e1n: el comercio minorista de diferentes rubros alimenticios, el Canal Horeca, la prensa especializada.<\/p>\n<p>Se recopilar\u00e1 las valiosas opiniones de los clientes, los cuales servir\u00e1n como criterios para el establecimiento de la relaci\u00f3n comercial. Los cuales existir\u00e1n entre las empresas proveedoras y las cadenas mayoristas. Adicionalmente se efectuar\u00e1n reuniones de tipo B2B con los managers de METRO.<\/p>\n<blockquote class=\"wp-embedded-content\" data-secret=\"SpZ40c9Yek\"><p><a href=\"https:\/\/www.seguros-empresas.es\/blog\/las-mejores-empresas-de-espana\/05\/2019\/\">Las mejores empresas de Espa\u00f1a<\/a><\/p><\/blockquote>\n<p><iframe loading=\"lazy\" title=\"&#171;Las mejores empresas de Espa\u00f1a&#187; &#8212; Seguros-Empresas.es: Blog de Noticias de Empresas\" class=\"wp-embedded-content\" sandbox=\"allow-scripts\" security=\"restricted\" style=\"position: absolute; clip: rect(1px, 1px, 1px, 1px);\" src=\"https:\/\/www.seguros-empresas.es\/blog\/las-mejores-empresas-de-espana\/05\/2019\/embed\/#?secret=SpZ40c9Yek\" data-secret=\"SpZ40c9Yek\" width=\"600\" height=\"338\" frameborder=\"0\" marginwidth=\"0\" marginheight=\"0\" scrolling=\"no\"><\/iframe><\/p>\n<p>El organismo indica que en el caso de las exportaciones de aceite de oliva en el mercado serbio ha aumentado, a\u00fan permanece lejos de su potencial. Este aumento de las mismas en un 32%, representan los cuatro millones de euros. En especial las procedentes del territorio espa\u00f1ol correspondiendo al 64% aumentando la cuota del mercado en 15%.<\/p>\n<p>Estos n\u00fameros son altos, ya que el sector es dominado por los italianos que acaparan el 58%; y est\u00e1 lejos del menor que es Grecia con 22%.<\/p>\n<blockquote><p>Utilice siempre el mejor <a href=\"https:\/\/seguros-de-pyme.seguros-generales.es\/\" target=\"_blank\" rel=\"noopener\">comparador de seguros de empresas<\/a> para asegurar su inversi\u00f3n con el mejor seguro del mercado<\/p><\/blockquote>\n<p>&nbsp;<\/p>\n","protected":false},"excerpt":{"rendered":"<p>ICEX Espa\u00f1a Exportaci\u00f3n e Inversiones y la Fundaci\u00f3n Microfinanzas BBVA colaboran para dar impulso al desarrollo latinoamericano. Como es de conocimiento p\u00fablico la ICEX es una entidad p\u00fablica estatal espa\u00f1ola que busca promover la internacionalizaci\u00f3n de las empresas. Est\u00e1 adscrita al Ministerio de Industria, Comercio y Turismo desde el 2017. Con este acuerdo, lograr\u00e1 adem\u00e1s [&hellip;]<\/p>\n","protected":false},"author":1,"featured_media":454,"comment_status":"open","ping_status":"open","sticky":false,"template":"","format":"standard","meta":{"_et_pb_use_builder":"","_et_pb_old_content":"","_et_gb_content_width":"","footnotes":""},"categories":[43],"tags":[329,330],"class_list":["post-452","post","type-post","status-publish","format-standard","has-post-thumbnail","hentry","category-empresas","tag-desarrollo-social","tag-empresas-de-espana"],"_links":{"self":[{"href":"https:\/\/www.seguros-empresas.es\/blog\/wp-json\/wp\/v2\/posts\/452","targetHints":{"allow":["GET"]}}],"collection":[{"href":"https:\/\/www.seguros-empresas.es\/blog\/wp-json\/wp\/v2\/posts"}],"about":[{"href":"https:\/\/www.seguros-empresas.es\/blog\/wp-json\/wp\/v2\/types\/post"}],"author":[{"embeddable":true,"href":"https:\/\/www.seguros-empresas.es\/blog\/wp-json\/wp\/v2\/users\/1"}],"replies":[{"embeddable":true,"href":"https:\/\/www.seguros-empresas.es\/blog\/wp-json\/wp\/v2\/comments?post=452"}],"version-history":[{"count":0,"href":"https:\/\/www.seguros-empresas.es\/blog\/wp-json\/wp\/v2\/posts\/452\/revisions"}],"wp:featuredmedia":[{"embeddable":true,"href":"https:\/\/www.seguros-empresas.es\/blog\/wp-json\/wp\/v2\/media\/454"}],"wp:attachment":[{"href":"https:\/\/www.seguros-empresas.es\/blog\/wp-json\/wp\/v2\/media?parent=452"}],"wp:term":[{"taxonomy":"category","embeddable":true,"href":"https:\/\/www.seguros-empresas.es\/blog\/wp-json\/wp\/v2\/categories?post=452"},{"taxonomy":"post_tag","embeddable":true,"href":"https:\/\/www.seguros-empresas.es\/blog\/wp-json\/wp\/v2\/tags?post=452"}],"curies":[{"name":"wp","href":"https:\/\/api.w.org\/{rel}","templated":true}]}}