{"id":694,"date":"2020-09-07T16:53:25","date_gmt":"2020-09-07T14:53:25","guid":{"rendered":"https:\/\/www.seguros-empresas.es\/blog\/?p=694"},"modified":"2020-09-14T17:33:02","modified_gmt":"2020-09-14T15:33:02","slug":"elegidas-companias-finalistas-en-premios-empresa-huesca-2020","status":"publish","type":"post","link":"https:\/\/www.seguros-empresas.es\/blog\/elegidas-companias-finalistas-en-premios-empresa-huesca-2020\/09\/2020\/","title":{"rendered":"Elegidas compa\u00f1\u00edas finalistas en Premios Empresa Huesca 2020"},"content":{"rendered":"<p>El talento, el alcance y los m\u00e9ritos empresariales, al igual que la innovaci\u00f3n, trayectoria y el emprendimiento, son parte de las cualidades y ventajas que brindan a las empresas la oportunidad de destacar ante otras del mismo sector o de la misma ubicaci\u00f3n.<\/p>\n<p>El obtener un premio por ello, deja interpretar que la labor desarrollada es valorada y reconocida por destacar.<\/p>\n<p>Las compa\u00f1\u00edas finalistas de los Premios Empresa Huesca, a otorgarse el venidero 16 de septiembre, ya han sido electas por la C\u00e1mara Oficial de Comercio, Servicios e Industria de la provincia de Huesca, el Instituto Aragon\u00e9s de Fomento (dependiente del Gobierno de Arag\u00f3n) y la Confederaci\u00f3n Empresarial de la provincia de Huesca (CEOS-Cepyme Huesca).<\/p>\n<div class='et-box et-shadow'>\n\t\t\t\t\t<div class='et-box-content'>Recuerde contratar el mejor <a href=\"https:\/\/www.seguros-empresas.es\">seguro de empresas<\/a> para proteger su empresa por completo<\/div><\/div>\n<div id=\"ez-toc-container\" class=\"ez-toc-v2_0_82_2 counter-hierarchy ez-toc-counter ez-toc-grey ez-toc-container-direction\">\n<div class=\"ez-toc-title-container\">\n<p class=\"ez-toc-title\" style=\"cursor:inherit\">Table of Contents<\/p>\n<span class=\"ez-toc-title-toggle\"><a href=\"#\" class=\"ez-toc-pull-right ez-toc-btn ez-toc-btn-xs ez-toc-btn-default ez-toc-toggle\" aria-label=\"Alternar tabla de contenidos\"><span class=\"ez-toc-js-icon-con\"><span class=\"\"><span class=\"eztoc-hide\" style=\"display:none;\">Toggle<\/span><span class=\"ez-toc-icon-toggle-span\"><svg style=\"fill: #999;color:#999\" xmlns=\"http:\/\/www.w3.org\/2000\/svg\" class=\"list-377408\" width=\"20px\" height=\"20px\" viewBox=\"0 0 24 24\" fill=\"none\"><path d=\"M6 6H4v2h2V6zm14 0H8v2h12V6zM4 11h2v2H4v-2zm16 0H8v2h12v-2zM4 16h2v2H4v-2zm16 0H8v2h12v-2z\" fill=\"currentColor\"><\/path><\/svg><svg style=\"fill: #999;color:#999\" class=\"arrow-unsorted-368013\" xmlns=\"http:\/\/www.w3.org\/2000\/svg\" width=\"10px\" height=\"10px\" viewBox=\"0 0 24 24\" version=\"1.2\" baseProfile=\"tiny\"><path d=\"M18.2 9.3l-6.2-6.3-6.2 6.3c-.2.2-.3.4-.3.7s.1.5.3.7c.2.2.4.3.7.3h11c.3 0 .5-.1.7-.3.2-.2.3-.5.3-.7s-.1-.5-.3-.7zM5.8 14.7l6.2 6.3 6.2-6.3c.2-.2.3-.5.3-.7s-.1-.5-.3-.7c-.2-.2-.4-.3-.7-.3h-11c-.3 0-.5.1-.7.3-.2.2-.3.5-.3.7s.1.5.3.7z\"\/><\/svg><\/span><\/span><\/span><\/a><\/span><\/div>\n<nav><ul class='ez-toc-list ez-toc-list-level-1 ' ><li class='ez-toc-page-1 ez-toc-heading-level-2'><a class=\"ez-toc-link ez-toc-heading-1\" href=\"https:\/\/www.seguros-empresas.es\/blog\/elegidas-companias-finalistas-en-premios-empresa-huesca-2020\/09\/2020\/#Un_fallo_preliminar_que_sera_definitivo_en_poco_tiempo\" >Un fallo preliminar que ser\u00e1 definitivo en poco tiempo<\/a><\/li><li class='ez-toc-page-1 ez-toc-heading-level-2'><a class=\"ez-toc-link ez-toc-heading-2\" href=\"https:\/\/www.seguros-empresas.es\/blog\/elegidas-companias-finalistas-en-premios-empresa-huesca-2020\/09\/2020\/#Categorias_y_galardon\" >Categor\u00edas y galard\u00f3n<\/a><\/li><li class='ez-toc-page-1 ez-toc-heading-level-2'><a class=\"ez-toc-link ez-toc-heading-3\" href=\"https:\/\/www.seguros-empresas.es\/blog\/elegidas-companias-finalistas-en-premios-empresa-huesca-2020\/09\/2020\/#Una_premiacion_diferente\" >Una premiaci\u00f3n diferente<\/a><\/li><\/ul><\/nav><\/div>\n<h2><span class=\"ez-toc-section\" id=\"Un_fallo_preliminar_que_sera_definitivo_en_poco_tiempo\"><\/span>Un fallo preliminar que ser\u00e1 definitivo en poco tiempo<span class=\"ez-toc-section-end\"><\/span><\/h2>\n<p>Los finalistas para optar como ganadores a Premios Empresas Huesca, son Andr\u00e9s Ferrer e hijos, Hotel Casa Chuldian, OX-Compa\u00f1\u00eda de tratamiento de aguas, Biodi\u00e9sel Arag\u00f3n, Agropienso, Podoactiva y Catering y Eventos del Pirineo S.L.<\/p>\n<p><b>Los nombres fueron dados a conocer, tras la reuni\u00f3n telem\u00e1tica del jurado del premio, el recientemente pasado 4 de septiembre<\/b>. La documentaci\u00f3n presentada por las empresas candidatas de la provincia fue detalladamente analizada, por los responsables.<\/p>\n<p>Quienes determinaron que las mencionadas empresas cumplen con los requisitos, y poseen los m\u00e9ritos para ganar la 15\u00aa edici\u00f3n del premio que galardona el desempe\u00f1o empresarial.<\/p>\n<p>Trayectoria, pyme, innovaci\u00f3n, internacionalizaci\u00f3n, joven empresario, son solo algunas de las menciones, que durante las catorce ediciones anteriores, han distinguido a m\u00e1s de 70 empresas finalistas, con el premio.<\/p>\n<h2><span class=\"ez-toc-section\" id=\"Categorias_y_galardon\"><\/span>Categor\u00edas y galard\u00f3n<span class=\"ez-toc-section-end\"><\/span><\/h2>\n<p>Las empresas finalistas buscan m\u00e1xima distinci\u00f3n para ganar el Premio Empresa Huesca con el m\u00e1ximo galard\u00f3n.<\/p>\n<p>Tambi\u00e9n en las otras cinco categor\u00edas importantes: Premio Empresa a la Innovaci\u00f3n, Premio Empresa a la Trayectoria Empresarial, Premio Empresa a la Pyme, Premio Empresa al Joven Emprendedor y Premio Empresa a la Internacionalizaci\u00f3n.<\/p>\n<p>Este a\u00f1o, <b>una menci\u00f3n especial de honor, a UGT Arag\u00f3n, CC. OO. Arag\u00f3n, CEOE Arag\u00f3n, CEPYME Arag\u00f3n y Gobierno de Arag\u00f3n<\/b>, por su colaboraci\u00f3n su colaboraci\u00f3n y todo el apoyo brindado a la Iniciativa Arag\u00f3n en Marcha, para recaudar fondos y material sanitario de las empresas locales en la lucha contra la COVID-19.<\/p>\n<div class='et-box et-shadow'>\n\t\t\t\t\t<div class='et-box-content'>Revise ahora los mejores <a href=\"https:\/\/www.seguros-generales.es\/seguros-pyme.html\" target=\"_blank\" rel=\"noopener\">seguros de empresas<\/a> para asegurarse de realizar la mejor elecci\u00f3n en seguro.<\/div><\/div>\n<h2><span class=\"ez-toc-section\" id=\"Una_premiacion_diferente\"><\/span>Una premiaci\u00f3n diferente<span class=\"ez-toc-section-end\"><\/span><\/h2>\n<p>El acto de entrega de los premios, se celebrar\u00e1 el d\u00eda 16 de septiembre a las 19:30, mientras que <b>el lugar para dicha cita ser\u00e1 el Edificio Planetario de Arag\u00f3n del Parque Tecnol\u00f3gico Walqa<\/b>.<\/p>\n<p>Adem\u00e1s Carlos Bistuer Pardina, miembro del Comit\u00e9 Nacional de Cruz Roja Espa\u00f1a y presidente de honor de CEOS-Cepyme Huesca, desarrollar\u00e1 una ponencia sobre con el tema \u201cCruz Roja y la Responsabilidad Social Empresarial.<\/p>\n<p>Tambi\u00e9n se espera sea una intervenci\u00f3n destacada, contundente y reflexiva, como las que Bistuer acostumbra ofrecer, y le han hecho destacado en las causas que defiende. Por otra parte, los asistentes al evento deben haber confirmado con anticipaci\u00f3n su asistencia.<\/p>\n<p><b>Este evento contar\u00e1 con la presencia del Vicepresidente de Arag\u00f3n y Consejero de Industria, Competitividad y Desarrollo Empresarial del Gobierno de Arag\u00f3n, Arturo Aliaga<\/b>, y de los presidentes de la C\u00e1mara Oficial de Comercio, Industria y Servicios de Huesca y de la Confederaci\u00f3n Empresarial de la provincia de Huesca (CEOS-Cepyme HUESCA).<\/p>\n<p>Del mismo modo,\u00a0 estar\u00e1 presente el presidente nacional de Cepyme, Gerardo Cuerva. Ser\u00e1 una cita de grandes, y a lo grande, con las medidas sanitarias necesarias\u00a0 para disfrutar el evento en forma segura, y acorde a la nueva normalidad.<\/p>\n<p>Aunque este a\u00f1o ha sido bastante diferente, el esfuerzo organizar y llevar a cabo la entrega de la 15\u00aa edici\u00f3n de los Premios Empresa Huesca 2020, por parte de la C\u00e1mara Oficial de Comercio, Servicios e Industria de la provincia de Huesca, la Confederaci\u00f3n Empresarial de la provincia de Huesca y el Instituto Aragon\u00e9s de Fomento, dependiente del Gobierno de Arag\u00f3n, ha sido una evidente prueba de compromiso y responsabilidad.<\/p>\n<p>Los finalistas con su menci\u00f3n, ya son ganadores, su nominaci\u00f3n constituye parte de los est\u00edmulos a las empresas y aut\u00f3nomos, que buscan incentivar su labor e inspirar a otros.<\/p>\n<div class='et-box et-shadow'>\n\t\t\t\t\t<div class='et-box-content'>Utilice siempre el mejor <a href=\"http:\/\/www.seguros-generales.es\" target=\"_blank\" rel=\"noopener\">comparador de seguros de empresas<\/a> para asegurar su inversi\u00f3n con el mejor seguro del mercado<\/div><\/div>\n","protected":false},"excerpt":{"rendered":"<p>El talento, el alcance y los m\u00e9ritos empresariales, al igual que la innovaci\u00f3n, trayectoria y el emprendimiento, son parte de las cualidades y ventajas que brindan a las empresas la oportunidad de destacar ante otras del mismo sector o de la misma ubicaci\u00f3n. El obtener un premio por ello, deja interpretar que la labor desarrollada [&hellip;]<\/p>\n","protected":false},"author":1,"featured_media":695,"comment_status":"open","ping_status":"open","sticky":false,"template":"","format":"standard","meta":{"_et_pb_use_builder":"","_et_pb_old_content":"","_et_gb_content_width":"","footnotes":""},"categories":[43,14],"tags":[636],"class_list":["post-694","post","type-post","status-publish","format-standard","has-post-thumbnail","hentry","category-empresas","category-novedades","tag-premios-empresa-huesca-2020"],"_links":{"self":[{"href":"https:\/\/www.seguros-empresas.es\/blog\/wp-json\/wp\/v2\/posts\/694","targetHints":{"allow":["GET"]}}],"collection":[{"href":"https:\/\/www.seguros-empresas.es\/blog\/wp-json\/wp\/v2\/posts"}],"about":[{"href":"https:\/\/www.seguros-empresas.es\/blog\/wp-json\/wp\/v2\/types\/post"}],"author":[{"embeddable":true,"href":"https:\/\/www.seguros-empresas.es\/blog\/wp-json\/wp\/v2\/users\/1"}],"replies":[{"embeddable":true,"href":"https:\/\/www.seguros-empresas.es\/blog\/wp-json\/wp\/v2\/comments?post=694"}],"version-history":[{"count":0,"href":"https:\/\/www.seguros-empresas.es\/blog\/wp-json\/wp\/v2\/posts\/694\/revisions"}],"wp:featuredmedia":[{"embeddable":true,"href":"https:\/\/www.seguros-empresas.es\/blog\/wp-json\/wp\/v2\/media\/695"}],"wp:attachment":[{"href":"https:\/\/www.seguros-empresas.es\/blog\/wp-json\/wp\/v2\/media?parent=694"}],"wp:term":[{"taxonomy":"category","embeddable":true,"href":"https:\/\/www.seguros-empresas.es\/blog\/wp-json\/wp\/v2\/categories?post=694"},{"taxonomy":"post_tag","embeddable":true,"href":"https:\/\/www.seguros-empresas.es\/blog\/wp-json\/wp\/v2\/tags?post=694"}],"curies":[{"name":"wp","href":"https:\/\/api.w.org\/{rel}","templated":true}]}}