{"id":703,"date":"2020-09-21T21:15:36","date_gmt":"2020-09-21T19:15:36","guid":{"rendered":"https:\/\/www.seguros-empresas.es\/blog\/?p=703"},"modified":"2020-09-28T21:19:22","modified_gmt":"2020-09-28T19:19:22","slug":"telefonica-acelera-un-ajuste-laboral","status":"publish","type":"post","link":"https:\/\/www.seguros-empresas.es\/blog\/telefonica-acelera-un-ajuste-laboral\/09\/2020\/","title":{"rendered":"Telef\u00f3nica acelera un ajuste laboral"},"content":{"rendered":"<p>La empresa busca la reducci\u00f3n de los puestos solapados en diferentes \u00e1reas, que no se encuentran directamente relacionadas con el negocio.<\/p>\n<p>De esta manera <b>espera simplificar las estructuras y mejorar la eficiencia de la empresa en diferentes sentidos<\/b>, pero generando grandes cambios en la n\u00f3mina actual de la corporaci\u00f3n.<\/p>\n<p>Telef\u00f3nica trabaja de forma dedicada en la simplificaci\u00f3n y reducci\u00f3n de la estructura de coste en el \u00e1rea corporativa, lo que sin duda traer\u00e1 consigo un impacto a nivel laboral.<\/p>\n<p>Evidentemente tendr\u00e1 un efecto directo en diferentes departamentos con puestos no relacionados de manera directa con el \u00e1rea operativa del medio. Seg\u00fan la informaci\u00f3n ofrecida por distintas fuentes relacionadas con la situaci\u00f3n, <b>la finalidad de la empresa es disminuir los posibles puestos redundantes, optimizando de esa manera la fuerza laboral de la compa\u00f1\u00eda<\/b>.<\/p>\n<div class='et-box et-shadow'>\n\t\t\t\t\t<div class='et-box-content'>Recuerde contratar el mejor <a href=\"https:\/\/www.seguros-empresas.es\">seguro de empresas<\/a> para proteger su empresa por completo<\/div><\/div>\n<p>El plan que se lleva a cabo incluye las \u00e1reas de los servicios generales de la telef\u00f3nica, incluidas funciones de administraci\u00f3n, finanzas, sistemas, legales, seguridad, comunicaci\u00f3n, relaciones con los inversionistas, auditorias e institucionales.<\/p>\n<p>Actualmente, <b>dichas actividades son ocupadas por m\u00e1s de mil trabajadores, que se encuentran en su mayor\u00eda distribuidos en 3 pisos del edificio<\/b> de la sede central de las Tablas. La misma estrategia en la reducci\u00f3n de la plantilla tambi\u00e9n se llevar\u00e1 a cabo en las compa\u00f1\u00edas transversales a la Telef\u00f3nica S.A, que hasta ahora suman m\u00e1s de 5.000 trabajadores activos.<\/p>\n<p>A diferencia de lo que ocurre con la Telef\u00f3nica Espa\u00f1a, la compa\u00f1\u00eda Telef\u00f3nica SA no cuenta con un convenio colectivo de representaci\u00f3n sindical, por lo que <i>las situaciones venideras podr\u00edan apresurar la reordenaci\u00f3n laboral de la poblaci\u00f3n empresaria<\/i>l.<\/p>\n<h2>6% de ahorro en gastos<\/h2>\n<p>Entre los meses de enero y junio del a\u00f1o en curso, Telef\u00f3nica ha disminuido los gastos en el \u00e1rea corporativa en 6%, un porcentaje que ha planteado incrementar en los meses que vienen, para poder cumplir con las normativas marcadas para finales del pasado a\u00f1o.<\/p>\n<p>En esa l\u00ednea, <b>la empresa propuso una estrategia de bajas de forma voluntaria<\/b>, sin tomar en cuenta rangos de edad o de antig\u00fcedad en la compa\u00f1\u00eda.<\/p>\n<p>Tal y como aconteci\u00f3 en el transcurso del \u00faltimo PSI (Programa de Suspensi\u00f3n Individual), en donde se limitaba la baja a trabajadores de m\u00e1s de 53 a\u00f1os de edad y con un rango de antig\u00fcedad en la empresa de 15 a\u00f1os. No obstante, en ese momento la propuesta no tuvo la aprobaci\u00f3n por parte de la corporaci\u00f3n.<\/p>\n<div class='et-box et-shadow'>\n\t\t\t\t\t<div class='et-box-content'>Revise ahora los mejores <a href=\"https:\/\/www.seguros-generales.es\/seguros-pyme.html\" target=\"_blank\" rel=\"noopener\">seguros de empresas<\/a> para asegurarse de realizar la mejor elecci\u00f3n en seguro.<\/div><\/div>\n<p>En el mes de noviembre del a\u00f1o 2019, Telef\u00f3nica se dio la tarea de enumerar 5 pilares fundamentales con el objetivo de \u201ccrear valor a medio y largo plazo, con vistas al crecimiento a futuro en ingresos y rentabilidad\u201d.<\/p>\n<p>Hasta ahora, el grupo ha ahondado en 4 de ellos, quedando siempre por fuera el 5 pilar, y en espera de ser ejecutado. Este \u00faltimo hace referencia a la simplificaci\u00f3n y digitalizaci\u00f3n de un modelo operativo.<\/p>\n<p>De la misma manera, los pasados diez meses, <b>Telef\u00f3nica ha optado por tomar diferentes eficiencias del portafolio de activos a lo ancho de Hispanoam\u00e9rica<\/b>, as\u00ed como tambi\u00e9n se ha visto en el trabajo de impulsar Telef\u00f3nica Infra y Telef\u00f3nica Tech, por supuesto con acuerdos estrat\u00e9gicos de gran relevancia.<\/p>\n<p>Con relaci\u00f3n a la reducci\u00f3n de las estructuras, la empresa se ha visto trabajando hace algunos a\u00f1os en las diferentes unidades operativas con las que se conforma, pero sin que tocara la corporaci\u00f3n, seg\u00fan las fuentes de informaci\u00f3n.<\/p>\n<p>El modelo propuesto nuevamente para la gesti\u00f3n por parte de la Telef\u00f3nica, <b>busca apresurar la simplificaci\u00f3n y la digitalizaci\u00f3n de las diferentes operaciones<\/b> del mencionado grupo.<\/p>\n<p>Esto \u00faltimo con el objetivo de un crecimiento futuro en la ratio de OIBDA-CapEx por encima de los 2 puntos porcentuales en ingresos para el a\u00f1o 2022 (en t\u00e9rminos org\u00e1nicos con relaci\u00f3n a los mismos datos recaudados para el a\u00f1o 2019).<\/p>\n<p><b>A principios del a\u00f1o 2017, la empresa Telef\u00f3nica ya hab\u00eda activado un programa para las bajas voluntarias<\/b>, pero solo para aquellos trabajadores con m\u00e1s de 55 a\u00f1os de edad que estuviesen laborando en la Corporaci\u00f3n.<\/p>\n<p>As\u00ed como para aquellos servicios que son considerados como transversales, como es el caso de Recursos Globales, la Telef\u00f3nica I+D, TIWS, que anteriormente tambi\u00e9n fueron incluidos en las anticuadas Telef\u00f3nica Digital Y Comercial Digital.<\/p>\n<div class='et-box et-shadow'>\n\t\t\t\t\t<div class='et-box-content'>Utilice siempre el mejor <a href=\"http:\/\/www.seguros-generales.es\" target=\"_blank\" rel=\"noopener\">comparador de seguros de empresas<\/a> para asegurar su inversi\u00f3n con el mejor seguro del mercado<\/div><\/div>\n","protected":false},"excerpt":{"rendered":"<p>La empresa busca la reducci\u00f3n de los puestos solapados en diferentes \u00e1reas, que no se encuentran directamente relacionadas con el negocio. De esta manera espera simplificar las estructuras y mejorar la eficiencia de la empresa en diferentes sentidos, pero generando grandes cambios en la n\u00f3mina actual de la corporaci\u00f3n. Telef\u00f3nica trabaja de forma dedicada en [&hellip;]<\/p>\n","protected":false},"author":1,"featured_media":704,"comment_status":"open","ping_status":"open","sticky":false,"template":"","format":"standard","meta":{"_et_pb_use_builder":"","_et_pb_old_content":"","_et_gb_content_width":"","footnotes":""},"categories":[331,43],"tags":[637,638,45],"class_list":["post-703","post","type-post","status-publish","format-standard","has-post-thumbnail","hentry","category-empleados","category-empresas","tag-ajust-laboral","tag-despidos","tag-empresas"],"_links":{"self":[{"href":"https:\/\/www.seguros-empresas.es\/blog\/wp-json\/wp\/v2\/posts\/703","targetHints":{"allow":["GET"]}}],"collection":[{"href":"https:\/\/www.seguros-empresas.es\/blog\/wp-json\/wp\/v2\/posts"}],"about":[{"href":"https:\/\/www.seguros-empresas.es\/blog\/wp-json\/wp\/v2\/types\/post"}],"author":[{"embeddable":true,"href":"https:\/\/www.seguros-empresas.es\/blog\/wp-json\/wp\/v2\/users\/1"}],"replies":[{"embeddable":true,"href":"https:\/\/www.seguros-empresas.es\/blog\/wp-json\/wp\/v2\/comments?post=703"}],"version-history":[{"count":0,"href":"https:\/\/www.seguros-empresas.es\/blog\/wp-json\/wp\/v2\/posts\/703\/revisions"}],"wp:featuredmedia":[{"embeddable":true,"href":"https:\/\/www.seguros-empresas.es\/blog\/wp-json\/wp\/v2\/media\/704"}],"wp:attachment":[{"href":"https:\/\/www.seguros-empresas.es\/blog\/wp-json\/wp\/v2\/media?parent=703"}],"wp:term":[{"taxonomy":"category","embeddable":true,"href":"https:\/\/www.seguros-empresas.es\/blog\/wp-json\/wp\/v2\/categories?post=703"},{"taxonomy":"post_tag","embeddable":true,"href":"https:\/\/www.seguros-empresas.es\/blog\/wp-json\/wp\/v2\/tags?post=703"}],"curies":[{"name":"wp","href":"https:\/\/api.w.org\/{rel}","templated":true}]}}