{"id":711,"date":"2020-10-05T18:09:51","date_gmt":"2020-10-05T16:09:51","guid":{"rendered":"https:\/\/www.seguros-empresas.es\/blog\/?p=711"},"modified":"2020-10-12T18:19:38","modified_gmt":"2020-10-12T16:19:38","slug":"la-destruccion-de-empresas-se-dispara-en-septiembre","status":"publish","type":"post","link":"https:\/\/www.seguros-empresas.es\/blog\/la-destruccion-de-empresas-se-dispara-en-septiembre\/10\/2020\/","title":{"rendered":"La destrucci\u00f3n de empresas se dispara en septiembre"},"content":{"rendered":"<p>Los efectos negativos generados por la pandemia del Covid-19 se siguen sintiendo en Espa\u00f1a. La crisis econ\u00f3mica se acent\u00faa y como consecuencia, <b>la destrucci\u00f3n de empresas, se dispara en septiembre<\/b>. En efecto, durante este mes se reportaron el cierre de m\u00e1s de 2000 empresas espa\u00f1olas.<\/p>\n<p>Los datos reflejan que los sectores m\u00e1s perjudicados son la promoci\u00f3n inmobiliaria y compra venta y alquiler de inmuebles. De igual manera, la construcci\u00f3n y restauraci\u00f3n de viviendas. Son los peque\u00f1os empresarios y aut\u00f3nomos los m\u00e1s afectados. El <b>90%<\/b> de los cierres han sido de empresas que no llegan a 10 empleados.<\/p>\n<p>Sin duda, esto establece que la pandemia ha constituido un obst\u00e1culo para el normal desenvolvimiento econ\u00f3mico del pa\u00eds. Y las empresas son las m\u00e1s impactadas durante la coyuntura de la pandemia. Se vieron obligadas a utilizar mecanismos como; ERTE, prescindir de parte de su plantilla, congelar nuevas contrataciones o solicitar pr\u00e9stamos.<\/p>\n<p>L\u00f3gicamente esta situaci\u00f3n provoca que los empresarios, no vean con optimismo las perspectivas econ\u00f3micas. De acuerdo a los resultados obtenidos por la consultora Kaizen Institute, 43% de las empresas espa\u00f1olas no avizora la recuperaci\u00f3n de la actividad sino hasta finales del a\u00f1o 2021.<\/p>\n<div class='et-box et-shadow'>\n\t\t\t\t\t<div class='et-box-content'>Recuerde contratar el mejor <a href=\"https:\/\/www.seguros-empresas.es\">seguro de empresas<\/a> para proteger su empresa por completo<\/div><\/div>\n<div id=\"ez-toc-container\" class=\"ez-toc-v2_0_82_2 counter-hierarchy ez-toc-counter ez-toc-grey ez-toc-container-direction\">\n<div class=\"ez-toc-title-container\">\n<p class=\"ez-toc-title\" style=\"cursor:inherit\">Table of Contents<\/p>\n<span class=\"ez-toc-title-toggle\"><a href=\"#\" class=\"ez-toc-pull-right ez-toc-btn ez-toc-btn-xs ez-toc-btn-default ez-toc-toggle\" aria-label=\"Alternar tabla de contenidos\"><span class=\"ez-toc-js-icon-con\"><span class=\"\"><span class=\"eztoc-hide\" style=\"display:none;\">Toggle<\/span><span class=\"ez-toc-icon-toggle-span\"><svg style=\"fill: #999;color:#999\" xmlns=\"http:\/\/www.w3.org\/2000\/svg\" class=\"list-377408\" width=\"20px\" height=\"20px\" viewBox=\"0 0 24 24\" fill=\"none\"><path d=\"M6 6H4v2h2V6zm14 0H8v2h12V6zM4 11h2v2H4v-2zm16 0H8v2h12v-2zM4 16h2v2H4v-2zm16 0H8v2h12v-2z\" fill=\"currentColor\"><\/path><\/svg><svg style=\"fill: #999;color:#999\" class=\"arrow-unsorted-368013\" xmlns=\"http:\/\/www.w3.org\/2000\/svg\" width=\"10px\" height=\"10px\" viewBox=\"0 0 24 24\" version=\"1.2\" baseProfile=\"tiny\"><path d=\"M18.2 9.3l-6.2-6.3-6.2 6.3c-.2.2-.3.4-.3.7s.1.5.3.7c.2.2.4.3.7.3h11c.3 0 .5-.1.7-.3.2-.2.3-.5.3-.7s-.1-.5-.3-.7zM5.8 14.7l6.2 6.3 6.2-6.3c.2-.2.3-.5.3-.7s-.1-.5-.3-.7c-.2-.2-.4-.3-.7-.3h-11c-.3 0-.5.1-.7.3-.2.2-.3.5-.3.7s.1.5.3.7z\"\/><\/svg><\/span><\/span><\/span><\/a><\/span><\/div>\n<nav><ul class='ez-toc-list ez-toc-list-level-1 ' ><li class='ez-toc-page-1 ez-toc-heading-level-2'><a class=\"ez-toc-link ez-toc-heading-1\" href=\"https:\/\/www.seguros-empresas.es\/blog\/la-destruccion-de-empresas-se-dispara-en-septiembre\/10\/2020\/#Las_regiones_mas_afectadas\" >Las regiones m\u00e1s afectadas<\/a><\/li><li class='ez-toc-page-1 ez-toc-heading-level-2'><a class=\"ez-toc-link ez-toc-heading-2\" href=\"https:\/\/www.seguros-empresas.es\/blog\/la-destruccion-de-empresas-se-dispara-en-septiembre\/10\/2020\/#La_pandemia_acelero_una_crisis_en_curso\" >La pandemia aceler\u00f3 una crisis en curso<\/a><\/li><li class='ez-toc-page-1 ez-toc-heading-level-2'><a class=\"ez-toc-link ez-toc-heading-3\" href=\"https:\/\/www.seguros-empresas.es\/blog\/la-destruccion-de-empresas-se-dispara-en-septiembre\/10\/2020\/#Espana_lidera_a_la_Union_Europea\" >Espa\u00f1a lidera a la Uni\u00f3n Europea<\/a><\/li><\/ul><\/nav><\/div>\n<h2><span class=\"ez-toc-section\" id=\"Las_regiones_mas_afectadas\"><\/span>Las regiones m\u00e1s afectadas<span class=\"ez-toc-section-end\"><\/span><\/h2>\n<p>Indudablemente, la Comunidad de Madrid ha sido la m\u00e1s afectada por la crisis generada por el Covid-19. De acuerdo a las cifras, de cada cien empresas cerradas en el territorio espa\u00f1ol, <b>25 pertenecen a la Comunidad de Madrid<\/b>. No por nada esta comunidad madrile\u00f1a tiene 10 municipios en confinamiento total.<\/p>\n<p>Seguidamente la regi\u00f3n de Catalu\u00f1a, en donde se ha producido el cierre del 21% de las empresas espa\u00f1olas. Detr\u00e1s se encuentran la Comunidad Valenciana con un 11% Andaluc\u00eda, tambi\u00e9n con un 11% de las empresas cerradas en territorio espa\u00f1ol.<\/p>\n<p>Desde el punto de vista del empleo, las regiones m\u00e1s afectadas han sido al sureste de Espa\u00f1a y los archipi\u00e9lagos. Estas regiones tienen gran dependencia del turismo, que es uno de los sectores m\u00e1s afectados por la inmovilidad.<\/p>\n<p>En el norte de Espa\u00f1a y las regiones industriales, las empresas se acogieron a los expedientes de regulaci\u00f3n temporal de empleo (ERTE). En las empresas industriales medianas y grandes, han elegido esta opci\u00f3n para recortar los costes salariales.<\/p>\n<p>De esta manera asumiendo un peque\u00f1o coste en t\u00e9rminos de cotizaciones a la Seguridad Social, permitir\u00e1n recuperar a sus trabajadores cuando se vuelva a la normalidad.<\/p>\n<p>Sin embargo, siempre hay riesgo de que las empresas que han prescindido de todos sus trabajadores no recuperen la actividad una vez pase la crisis. Esto supondr\u00eda una destrucci\u00f3n permanente del empleo y tardar\u00eda m\u00e1s tiempo en reabsorberse.<\/p>\n<div class='et-box et-shadow'>\n\t\t\t\t\t<div class='et-box-content'>Revise ahora los mejores <a href=\"https:\/\/www.seguros-generales.es\/seguros-pyme.html\" target=\"_blank\" rel=\"noopener\">seguros de empresas<\/a> para asegurarse de realizar la mejor elecci\u00f3n en seguro.<\/div><\/div>\n<h2><span class=\"ez-toc-section\" id=\"La_pandemia_acelero_una_crisis_en_curso\"><\/span>La pandemia aceler\u00f3 una crisis en curso<span class=\"ez-toc-section-end\"><\/span><\/h2>\n<p>De igual manera, se debe resaltar que en el periodo comprendido entre 2008 y 2012, Espa\u00f1a se vio sumergida en una crisis econ\u00f3mica de igual magnitud a la actual. En este per\u00edodo se cerraron 94.183 empresas. Sin embargo, la severidad de la crisis actual queda manifiesta por el <b>cierre de 133.000 empresas en tan solo 7 meses<\/b>.<\/p>\n<p>Si bien es cierto que en junio de 2020 se disolvieron el 34,28% de las empresas, tambi\u00e9n es cierto que, en el mismo mes de 2019, se cerraron el 26,34%. Estas cifras fueron presentadas por la empresa Bormeonline. As\u00ed mismo, se se\u00f1ala que la pandemia ocasion\u00f3 una disminuci\u00f3n significativa en la creaci\u00f3n de nuevas empresas.<\/p>\n<p>En este sentido, los datos indican una contracci\u00f3n del 64% en la fundaci\u00f3n de empresas, en comparaci\u00f3n a lo ocurrido en 2019. Desde Bormeonline indican, que la desaparici\u00f3n de compa\u00f1\u00edas en Espa\u00f1a ya era \u00b4preocupante en los dos a\u00f1os anteriores. Indudablemente la severidad de la crisis originada por la pandemia, no tiene comparaci\u00f3n en el tiempo.<\/p>\n<h2><span class=\"ez-toc-section\" id=\"Espana_lidera_a_la_Union_Europea\"><\/span>Espa\u00f1a lidera a la Uni\u00f3n Europea<span class=\"ez-toc-section-end\"><\/span><\/h2>\n<p>La crisis ha impactado a todos los pa\u00edses de la Uni\u00f3n Europea, hasta el mes de junio 2020 el PIB de la UE cay\u00f3 en un 11,4%. <b>Espa\u00f1a encabeza con una ca\u00edda del 18,5%<\/b> por encima de Croacia con 14,9% Hungr\u00eda con 14,5%, Grecia con 14% y Portugal con 13,9%.<\/p>\n<p>Asimismo, la crisis afect\u00f3 a los pa\u00edses fuertes. As\u00ed, Alemania, Francia e Italia sufrieron ca\u00eddas entre el 10% y el 12% del PIB.<\/p>\n<p>En lo que se refiere al empleo, tambi\u00e9n Espa\u00f1a lidera en la p\u00e9rdida de empleo, registrando valores de <b>1,5 millones menos de ocupados<\/b>. Francia acusa la p\u00e9rdida de 731.900 trabajadores, Italia registra 625.600 trabajadores menos y Alemania indic\u00f3 la perdida 618.000 empleos. El empleo se redujo un 2,9% en la Eurozona y un 2,7% en toda la UE.<\/p>\n<div class='et-box et-shadow'>\n\t\t\t\t\t<div class='et-box-content'>Utilice siempre el mejor <a href=\"http:\/\/www.seguros-generales.es\" target=\"_blank\" rel=\"noopener\">comparador de seguros de empresas<\/a> para asegurar su inversi\u00f3n con el mejor seguro del mercado<\/div><\/div>\n","protected":false},"excerpt":{"rendered":"<p>Los efectos negativos generados por la pandemia del Covid-19 se siguen sintiendo en Espa\u00f1a. La crisis econ\u00f3mica se acent\u00faa y como consecuencia, la destrucci\u00f3n de empresas, se dispara en septiembre. En efecto, durante este mes se reportaron el cierre de m\u00e1s de 2000 empresas espa\u00f1olas. Los datos reflejan que los sectores m\u00e1s perjudicados son la [&hellip;]<\/p>\n","protected":false},"author":1,"featured_media":713,"comment_status":"open","ping_status":"open","sticky":false,"template":"","format":"standard","meta":{"_et_pb_use_builder":"","_et_pb_old_content":"","_et_gb_content_width":"","footnotes":""},"categories":[43],"tags":[639,45],"class_list":["post-711","post","type-post","status-publish","format-standard","has-post-thumbnail","hentry","category-empresas","tag-coronavirus","tag-empresas"],"_links":{"self":[{"href":"https:\/\/www.seguros-empresas.es\/blog\/wp-json\/wp\/v2\/posts\/711","targetHints":{"allow":["GET"]}}],"collection":[{"href":"https:\/\/www.seguros-empresas.es\/blog\/wp-json\/wp\/v2\/posts"}],"about":[{"href":"https:\/\/www.seguros-empresas.es\/blog\/wp-json\/wp\/v2\/types\/post"}],"author":[{"embeddable":true,"href":"https:\/\/www.seguros-empresas.es\/blog\/wp-json\/wp\/v2\/users\/1"}],"replies":[{"embeddable":true,"href":"https:\/\/www.seguros-empresas.es\/blog\/wp-json\/wp\/v2\/comments?post=711"}],"version-history":[{"count":0,"href":"https:\/\/www.seguros-empresas.es\/blog\/wp-json\/wp\/v2\/posts\/711\/revisions"}],"wp:featuredmedia":[{"embeddable":true,"href":"https:\/\/www.seguros-empresas.es\/blog\/wp-json\/wp\/v2\/media\/713"}],"wp:attachment":[{"href":"https:\/\/www.seguros-empresas.es\/blog\/wp-json\/wp\/v2\/media?parent=711"}],"wp:term":[{"taxonomy":"category","embeddable":true,"href":"https:\/\/www.seguros-empresas.es\/blog\/wp-json\/wp\/v2\/categories?post=711"},{"taxonomy":"post_tag","embeddable":true,"href":"https:\/\/www.seguros-empresas.es\/blog\/wp-json\/wp\/v2\/tags?post=711"}],"curies":[{"name":"wp","href":"https:\/\/api.w.org\/{rel}","templated":true}]}}